{"id":123081,"date":"2021-08-02T11:28:42","date_gmt":"2021-08-02T15:28:42","guid":{"rendered":"https:\/\/linitiative.ca\/International\/un-compromis-salvateur\/"},"modified":"2021-08-02T11:28:42","modified_gmt":"2021-08-02T15:28:42","slug":"un-compromis-salvateur","status":"publish","type":"post","link":"https:\/\/linitiative.ca\/International\/un-compromis-salvateur\/","title":{"rendered":"Un compromis salvateur"},"content":{"rendered":"<div>\n<p>\u00a0<\/p>\n<p>\u00a0<\/p>\n<p><strong>Un compromis salvateur<\/strong><\/p>\n<p>Depuis le 29 juillet 2021, le magistrat Elys\u00e9e Ou\u00e9draogo, au titre de la communaut\u00e9 catholique, a \u00e9t\u00e9 \u00e9lu pour pr\u00e9sider aux destin\u00e9es de la Commission \u00e9lectorale nationale ind\u00e9pendante (CENI) pour cinq ans. Jusqu\u2019au bout, tout le processus aura \u00e9t\u00e9 \u00e9maill\u00e9 de \u00ab\u00a0conflits\u00a0\u00bb qu\u2019il faut forc\u00e9ment d\u00e9goupiller pour des commissaires, qui devront cohabiter cinq ans durant, et \u00e0 qui revient la t\u00e2che d\u2019organiser les \u00e9lections. Du reste, les Burkinab\u00e8 ne se font pas d\u2019illusions, n\u2019eut \u00e9t\u00e9 l\u2019implication personnelle du pr\u00e9sident du Faso, Roch Marc Christian Kabor\u00e9, il \u00e9tait \u00e0 parier qu\u2019un nouveau front s\u2019ouvrirait dans un pays qui connait d\u00e9j\u00e0 des crises notamment s\u00e9curitaire et sanitaire.<\/p>\n<p>\u00a0<\/p>\n<p>Face au constat de \u00ab\u00a0<em>blocage<\/em>\u00bb, le chef de l\u2019Etat en rassembleur, a, de fa\u00e7on \u00ab\u00a0discr\u00e8te\u00a0\u00bb et efficace, d\u00fb rencontrer la chefferie coutumi\u00e8re de notre pays, notamment le Mogho Naaba Baongo. Cette m\u00e9diation a permis au repr\u00e9sentant des coutumiers, le Sao Naba, de renoncer finalement \u00e0 son ambition de briguer la pr\u00e9sidence de la CENI, suite au refus de l\u2019opposition qui mena\u00e7ait de boycotter l\u2019institution, lui faisant courir le risque d\u2019une paralysie certaine, voire le discr\u00e9dit. La rencontre du pr\u00e9sident du Faso avec les leaders de la majorit\u00e9 pr\u00e9sidentielle Simon Compaor\u00e9 et de l\u2019opposition politique Eddie Kombo\u00efgo pour \u00ab\u00a0<em>baliser\u00bb<\/em> l\u2019\u00e9lection du pr\u00e9sident de la CENI, aura \u00e9t\u00e9 d\u00e9cisive. Ce Burkina qui palabre avant de donner le sourire, est appel\u00e9 de tout c\u0153ur par ses habitants qui ne veulent que la paix pour le d\u00e9veloppement de leur pays. Maintenant que le vin tir\u00e9 a \u00e9t\u00e9 bu <em>\u00ab\u00a0sans mod\u00e9ration\u00a0<\/em>\u00bb, il va falloir au-del\u00e0 de tout, pouvoir revoir nos sch\u00e8mes du vivre ensemble. L\u2019intervention du chef de l\u2019Etat et la suite \u00ab\u00a0<em>favorable<\/em>\u00a0\u00bb qui en a \u00e9man\u00e9, r\u00e9conforte les Burkinab\u00e8 qui n\u2018oublient pas que le second mandat du pr\u00e9sident du Faso est bien plac\u00e9 sous le th\u00e8me de la r\u00e9conciliation nationale. Savoir s\u2019oublier pour la communaut\u00e9 est une bien belle fa\u00e7on d\u2019affirmer son patriotisme. Mais il faudrait plut\u00f4t que chacun joue pleinement sa partition. En l\u2019espace de deux mois, Roch Marc Christian a \u00e9t\u00e9 oblig\u00e9 d\u2019intervenir \u00ab\u00a0<em>hors\u00a0<\/em>\u00bb champ pour solutionner des crises naissantes en prenant sur lui la conduite de la d\u00e9fense nationale avec les r\u00e9sultats probants qui viennent des th\u00e9\u00e2tres des op\u00e9rations. Et en s\u2019investissant personnellement dans ce qui aurait pu \u00eatre aussi une crise majeure, celle de la Commission \u00e9lectorale nationale ind\u00e9pendante.<\/p>\n<p>Pourtant, les Burkinab\u00e8 se satisfaisaient quand m\u00eame d\u2019une Commission \u00e9lectorale nationale ind\u00e9pendante qui avait sonn\u00e9 le requiem d\u2019une commission nationale d\u2019organisation des \u00e9lections inf\u00e9od\u00e9e \u00e0 l\u2019administration, par cons\u00e9quent partisane aux yeux d\u2019une opposition qui, \u00e0 l\u2019\u00e9poque, subissait les laminages d\u2019un <em>Tukgili<\/em> \u00e0 la mode. Pourquoi donc cette CENI, qui attendait certainement des r\u00e9glages eu \u00e9gard \u00e0 la nouvelle donne politique de notre pays, s\u2019est-elle brusquement gripp\u00e9e\u00a0? Cette institution ne r\u00e9pond-elle plus au contexte\u00a0? Faut-il quitter ce sch\u00e9ma \u00e9galitaire et paritaire de cinq commissaires issus de la majorit\u00e9, de l\u2019opposition et de la soci\u00e9t\u00e9 civile\u00a0? Ou faut-il une CENI adapt\u00e9e \u00e0 nos r\u00e9alit\u00e9s avec des hommes rompus en mati\u00e8re \u00e9lectorale\u00a0? Que rev\u00eat en r\u00e9alit\u00e9 la notion de soci\u00e9t\u00e9 civile dans un pays o\u00f9 les va et vient entre partisans ou observateurs se font au gr\u00e9 des int\u00e9r\u00eats du moment\u00a0? La gu\u00e9guerre qui a entrain\u00e9 les flottements, puis le report des \u00e9lections \u00e0 la CENI doivent n\u00e9cessairement appeler \u00e0 une revisitation de la fa\u00eeti\u00e8re des \u00e9lections dans notre pays. Sur la composante chefferie traditionnelle au moins, l\u2019Essai du professeur Albert Ou\u00e9draogo <strong>\u00ab\u00a0<\/strong><em>D\u00e9mocratie et cheffocratie<\/em><strong>\u00a0\u00bb\u00a0ou \u00ab\u00a0<\/strong><em>la qu\u00eate d\u2019une gouvernance apais\u00e9e au Burkina Faso<\/em><strong>\u00a0\u00bb est d\u00e9j\u00e0 une bonne base qui pourra permettre l\u2019avanc\u00e9e des d\u00e9bats sur la question.<\/strong> Toutes ces questions devront \u00eatre abord\u00e9es sereinement pour balayer les scories et \u00e9viter la temp\u00eate comme celle qui a secou\u00e9 la CENI.<\/p>\n<p>Apr\u00e8s la relance du processus \u00e9lectoral, celle du dialogue politique est la prochaine \u00e9tape qui devrait se nourrir du sens de compromis salvateur qui a pr\u00e9valu au sein de la classe politique, pour d\u00e9finitivement balayer les gros nuages d\u2019ao\u00fbt sur les prochaines \u00e9ch\u00e9ances \u00e9lectorales.<\/p>\n<p>\u00a0<\/p>\n<p>Par Mahamadi TIEGNA<\/p>\n<p>L\u2019article <a rel=\"nofollow\" href=\"https:\/\/www.sidwaya.info\/blog\/2021\/08\/02\/un-compromis-salvateur\/\">Un compromis salvateur<\/a> est apparu en premier sur <a rel=\"nofollow\" href=\"https:\/\/www.sidwaya.info\/\">Quotidien Sidwaya<\/a>.<\/p>\n<\/div>\n<p>Auteur: BANGRE SIDWAYA<br \/>\n<a href=\"https:\/\/www.sidwaya.info\/blog\/2021\/08\/02\/un-compromis-salvateur\/\">Cliquez ici pour lire l&rsquo;article depuis sa source.<\/a><\/p>\n","protected":false},"excerpt":{"rendered":"<p>\u00a0 \u00a0 Un compromis salvateur Depuis le 29 juillet 2021, le magistrat Elys\u00e9e Ou\u00e9draogo, au titre de la communaut\u00e9 catholique, a \u00e9t\u00e9 \u00e9lu pour pr\u00e9sider aux destin\u00e9es de la Commission \u00e9lectorale nationale ind\u00e9pendante (CENI) pour cinq ans. Jusqu\u2019au bout, tout le processus aura \u00e9t\u00e9 \u00e9maill\u00e9 de \u00ab\u00a0conflits\u00a0\u00bb qu\u2019il faut forc\u00e9ment d\u00e9goupiller pour des commissaires, qui [&hellip;]<\/p>\n","protected":false},"author":1816,"featured_media":0,"comment_status":"closed","ping_status":"closed","sticky":false,"template":"","format":"standard","meta":{"fifu_image_url":"","fifu_image_alt":"","footnotes":""},"categories":[73,81],"tags":[],"class_list":["post-123081","post","type-post","status-publish","format-standard","hentry","category-actualite","category-burkina-faso"],"_links":{"self":[{"href":"https:\/\/linitiative.ca\/International\/wp-json\/wp\/v2\/posts\/123081","targetHints":{"allow":["GET"]}}],"collection":[{"href":"https:\/\/linitiative.ca\/International\/wp-json\/wp\/v2\/posts"}],"about":[{"href":"https:\/\/linitiative.ca\/International\/wp-json\/wp\/v2\/types\/post"}],"author":[{"embeddable":true,"href":"https:\/\/linitiative.ca\/International\/wp-json\/wp\/v2\/users\/1816"}],"replies":[{"embeddable":true,"href":"https:\/\/linitiative.ca\/International\/wp-json\/wp\/v2\/comments?post=123081"}],"version-history":[{"count":0,"href":"https:\/\/linitiative.ca\/International\/wp-json\/wp\/v2\/posts\/123081\/revisions"}],"wp:attachment":[{"href":"https:\/\/linitiative.ca\/International\/wp-json\/wp\/v2\/media?parent=123081"}],"wp:term":[{"taxonomy":"category","embeddable":true,"href":"https:\/\/linitiative.ca\/International\/wp-json\/wp\/v2\/categories?post=123081"},{"taxonomy":"post_tag","embeddable":true,"href":"https:\/\/linitiative.ca\/International\/wp-json\/wp\/v2\/tags?post=123081"}],"curies":[{"name":"wp","href":"https:\/\/api.w.org\/{rel}","templated":true}]}}