{"id":123082,"date":"2021-08-02T11:40:26","date_gmt":"2021-08-02T15:40:26","guid":{"rendered":"https:\/\/linitiative.ca\/International\/cameg-le-certificat-iso-9001-2015-presente\/"},"modified":"2021-08-02T11:40:26","modified_gmt":"2021-08-02T15:40:26","slug":"cameg-le-certificat-iso-9001-2015-presente","status":"publish","type":"post","link":"https:\/\/linitiative.ca\/International\/cameg-le-certificat-iso-9001-2015-presente\/","title":{"rendered":"CAMEG:  Le certificat ISO 9001\u00a0:2015 pr\u00e9sent\u00e9"},"content":{"rendered":"<div>\n<p><strong>La Centrale d\u2019achat des m\u00e9dicaments essentiels g\u00e9n\u00e9riques et des consommables m\u00e9dicaux (CAMEG) a organis\u00e9 la c\u00e9r\u00e9monie de pr\u00e9sentation de sa certification ISO 9001\u00a0:2015, le vendredi 30 juillet 2021, \u00e0 Ouagadougou sous le patronage du Premier ministre, Christophe Dabir\u00e9.<\/strong><\/p>\n<p>La British standard institution a certifi\u00e9 l\u2019ensemble des processus de tout le r\u00e9seau de la Centrale d\u2019achat des m\u00e9dicaments essentiels g\u00e9n\u00e9riques et des consommables m\u00e9dicaux (CAMEG), \u00e0 l\u2019issue d\u2019un audit de conformit\u00e9.\u00a0 La centrale a \u00e9t\u00e9 d\u00e9clar\u00e9e conforme \u00e0 la norme ISO 9001 version 2015. Une c\u00e9r\u00e9monie officielle de pr\u00e9sentation dudit certificat a eu lieu, le vendredi 30 juillet 2021, sur le site de Tengandogo (Ouagadougou) sous le patronage du Premier ministre, Christophe Dabir\u00e9 et en pr\u00e9sence du ministre de la Sant\u00e9, Pr Charlemagne Ou\u00e9draogo, d\u2019autres membres du gouvernement et des partenaires techniques et financiers de la CAMEG. La directrice g\u00e9n\u00e9rale de la CAMEG, Dr Anne Maryse K\u2019habor\u00e9, a soutenu que la certification ISO 9001\u00a0:2015 est le symbole de l\u2019engagement de tout le personnel, des instances dirigeantes et des partenaires pour faire de la centrale, un <em>\u00ab\u00a0instrument efficace\u00a0\u00bb<\/em> dans le dispositif sanitaire du pays. <em>\u00ab\u00a0Rendre disponibles et accessibles des m\u00e9dicaments de qualit\u00e9 pour toute la population, c\u2019est le credo de la CAMEG. C\u2019est cet effort et cet engouement de tous les travailleurs qui ont \u00e9t\u00e9 r\u00e9compens\u00e9s\u00a0\u00bb,<\/em> a-t-elle d\u00e9clar\u00e9. Dr K\u2019habor\u00e9 a rendu un hommage appuy\u00e9 au chef du gouvernement, Christophe Dabir\u00e9, qui fait partie de la cheville ouvri\u00e8re dans la cr\u00e9ation de la CAMEG en 1992 lorsqu\u2019il avait pris les r\u00eanes du d\u00e9partement de la sant\u00e9. <em>\u00ab\u00a0Votre pr\u00e9sence \u00e0 cette c\u00e9r\u00e9monie nous touche tous \u00e9norm\u00e9ment et montre votre engagement et votre attachement historique \u00e0 la CAMEG. Historique parce qu\u2019il y a 30 ans de cela, c\u2019est votre vision qui a fait na\u00eetre cet instrument dont le r\u00f4le \u00e9tait de disponibiliser les intrants de sant\u00e9 \u00e0 l\u2019ensemble de nos populations\u00a0\u00bb<\/em>, a formul\u00e9 la DG de la CAMEG \u00e0 l\u2019endroit du patron de la c\u00e9r\u00e9monie. \u00a030 ans apr\u00e8s, a pr\u00e9cis\u00e9 Dr Anne Maryse K\u2019habor\u00e9, l\u2019histoire nous donne raison puisque la pand\u00e9mie de la Covid-19 vient renforcer et confirmer que la pr\u00e9sence et la place de la CAMEG sont pr\u00e9pond\u00e9rantes dans le syst\u00e8me de sant\u00e9 de notre pays. <em>\u00ab\u00a030 ans apr\u00e8s, nous sommes une des rares centrales qui a eu la certification ISO 9001-2015 sur l\u2019ensemble de ses processus et de sa chaine d\u2019approvisionnement. Votre volont\u00e9 manifeste de permettre \u00e0 la CAMEG d\u2019accomplir compl\u00e8tement sa mission n\u2019est plus \u00e0 d\u00e9montrer\u00a0\u00bb,<\/em> a-t-elle ajout\u00e9.<\/p>\n<p><strong>Reconnaissance \u00e0 tous les acteurs<\/strong><\/p>\n<p>Au personnel et partenaires techniques et financiers, la DG a rappel\u00e9 que la CAMEG du Burkina Faso est la leur, ce certificat, le leur aussi. Dr K\u2019habor\u00e9 a traduit sa gratitude \u00e0 ses pr\u00e9d\u00e9cesseurs, car leur expertise et professionnalisme ont permis <em>\u00ab\u00a0d\u2019ajouter de la terre \u00e0 la terre\u00a0\u00bb <\/em>pour construire cet \u00e9difice qui est c\u00e9l\u00e9br\u00e9 en ce jour.<\/p>\n<p>Le ministre de la Sant\u00e9, Pr Charlemagne Ou\u00e9draogo, a laiss\u00e9 entendre que cette distinction honore tout le secteur de la sant\u00e9 et partant tout le Burkina Faso. <em>\u00ab\u00a0La CAMEG est un pilier essentiel du syst\u00e8me de sant\u00e9. Elle est d\u2019abord un instrument efficace par lequel l\u2019Etat approvisionne le pays en intrants de sant\u00e9, et tout le monde a pu s\u2019en a percevoir \u00e0 travers le r\u00f4le qu\u2019elle a jou\u00e9 durant la pand\u00e9mie de la Covid-19\u00a0\u00bb<\/em>, a-t-il soulign\u00e9. Gr\u00e2ce \u00e0 son professionnalisme, a poursuivi Pr Ou\u00e9draogo, la CAMEG a su anticiper d\u00e8s les premi\u00e8res heures de cette pand\u00e9mie en activant les diff\u00e9rents leviers de son activit\u00e9 pour non seulement rendre disponibles les produits de sant\u00e9, mais aussi maintenir les prix \u00e0 un niveau de variation faible dans un contexte international marqu\u00e9 par une augmentation g\u00e9n\u00e9ralis\u00e9e des co\u00fbts des mati\u00e8res. <em>\u00ab\u00a0Le certificat que nous c\u00e9l\u00e9brons ce jour est le gage d\u2019une assurance suppl\u00e9mentaire offerte aux populations et partenaires techniques et financiers sur les meilleures conditions d\u2019achat, de stockage et de distribution qu\u2019offre la CAMEG. Je vous invite donc \u00e0 faire confiance aux produits de la CAMEG pour vos besoins en sant\u00e9\u00a0\u00bb<\/em>, a rassur\u00e9 le ministre de la Sant\u00e9. Et d\u2019inviter, tous les PTF \u00e0 s\u2019aligner sur les priorit\u00e9s de la CAMEG pour relever les d\u00e9fis de l\u2019acc\u00e8s aux m\u00e9dicaments dans notre pays.<\/p>\n<p><strong>Relever le d\u00e9fi de la digitalisation<\/strong><\/p>\n<p><em>\u00a0\u00ab\u00a0L\u2019un des d\u00e9fis que doit relever la CAMEG est la digitalisation de la tra\u00e7abilit\u00e9 des produits qu\u2019elle distribue afin d\u2019\u00e9viter de ravitailler le march\u00e9 illicite des produits pharmaceutiques. Il est donc urgent et imp\u00e9ratif de mettre en place un m\u00e9canisme de tra\u00e7abilit\u00e9 des m\u00e9dicaments par la CAMEG surtout dans un contexte de crise s\u00e9curitaire et de renforcement des mesures de gratuit\u00e9 des soins\u00a0\u00bb<\/em>, a relev\u00e9 Pr Charlemagne Ou\u00e9draogo. En r\u00e9agissant \u00e0 l\u2019hommage qui lui a \u00e9t\u00e9 rendu, le Premier ministre, Christophe Dabir\u00e9, a f\u00e9licit\u00e9 l\u2019ensemble des acteurs qui ont port\u00e9 la CAMEG pour qu\u2019elle ait un statut d\u2019envergure.\u00a0Il a lou\u00e9 le leadership de la DG de la CAMEG qui a pris l\u2019initiative de venir lui exposer les probl\u00e8mes de son institution. Une initiative qui, selon lui, a permis de r\u00e9soudre certaines difficult\u00e9s de la maison. <em>\u00ab\u00a0Je suis venu ici ce soir magnifier l\u2019excellence d\u2019une structure et l\u2019excellence de la coop\u00e9ration entre la CAMEG et les PTF et celle du personnel qui a su se mobiliser pour sauver l\u2019institution. Je suis venu magnifier une vision, celle du pr\u00e9sident du Faso qui a compris l\u2019importance de la CAMEG dans la mise en \u0153uvre de la politique sanitaire\u00a0\u00bb<\/em>, a laiss\u00e9 entendre le Premier ministre. Avant la c\u00e9r\u00e9monie de pr\u00e9sentation du certificat, les invit\u00e9s ont visit\u00e9 un magasin de la CAMEG. A l\u2019occasion, une salle de conf\u00e9rence a \u00e9t\u00e9 baptis\u00e9e au nom du chef du gouvernement, Christophe Dabir\u00e9.<\/p>\n<p><strong>Karim BADOLO<\/strong><\/p>\n<p>L\u2019article <a rel=\"nofollow\" href=\"https:\/\/www.sidwaya.info\/blog\/2021\/08\/02\/cameg-le-certificat-iso-9001-2015-presente\/\">CAMEG:  Le certificat ISO 9001\u00a0:2015 pr\u00e9sent\u00e9<\/a> est apparu en premier sur <a rel=\"nofollow\" href=\"https:\/\/www.sidwaya.info\/\">Quotidien Sidwaya<\/a>.<\/p>\n<\/div>\n<p>Auteur: BANGRE SIDWAYA<br \/>\n<a href=\"https:\/\/www.sidwaya.info\/blog\/2021\/08\/02\/cameg-le-certificat-iso-9001-2015-presente\/\">Cliquez ici pour lire l&rsquo;article depuis sa source.<\/a><\/p>\n","protected":false},"excerpt":{"rendered":"<p>La Centrale d\u2019achat des m\u00e9dicaments essentiels g\u00e9n\u00e9riques et des consommables m\u00e9dicaux (CAMEG) a organis\u00e9 la c\u00e9r\u00e9monie de pr\u00e9sentation de sa certification ISO 9001\u00a0:2015, le vendredi 30 juillet 2021, \u00e0 Ouagadougou sous le patronage du Premier ministre, Christophe Dabir\u00e9. La British standard institution a certifi\u00e9 l\u2019ensemble des processus de tout le r\u00e9seau de la Centrale d\u2019achat [&hellip;]<\/p>\n","protected":false},"author":1816,"featured_media":0,"comment_status":"closed","ping_status":"closed","sticky":false,"template":"","format":"standard","meta":{"fifu_image_url":"","fifu_image_alt":"","footnotes":""},"categories":[73,81],"tags":[],"class_list":["post-123082","post","type-post","status-publish","format-standard","hentry","category-actualite","category-burkina-faso"],"_links":{"self":[{"href":"https:\/\/linitiative.ca\/International\/wp-json\/wp\/v2\/posts\/123082","targetHints":{"allow":["GET"]}}],"collection":[{"href":"https:\/\/linitiative.ca\/International\/wp-json\/wp\/v2\/posts"}],"about":[{"href":"https:\/\/linitiative.ca\/International\/wp-json\/wp\/v2\/types\/post"}],"author":[{"embeddable":true,"href":"https:\/\/linitiative.ca\/International\/wp-json\/wp\/v2\/users\/1816"}],"replies":[{"embeddable":true,"href":"https:\/\/linitiative.ca\/International\/wp-json\/wp\/v2\/comments?post=123082"}],"version-history":[{"count":0,"href":"https:\/\/linitiative.ca\/International\/wp-json\/wp\/v2\/posts\/123082\/revisions"}],"wp:attachment":[{"href":"https:\/\/linitiative.ca\/International\/wp-json\/wp\/v2\/media?parent=123082"}],"wp:term":[{"taxonomy":"category","embeddable":true,"href":"https:\/\/linitiative.ca\/International\/wp-json\/wp\/v2\/categories?post=123082"},{"taxonomy":"post_tag","embeddable":true,"href":"https:\/\/linitiative.ca\/International\/wp-json\/wp\/v2\/tags?post=123082"}],"curies":[{"name":"wp","href":"https:\/\/api.w.org\/{rel}","templated":true}]}}