{"id":123083,"date":"2021-08-02T12:25:25","date_gmt":"2021-08-02T16:25:25","guid":{"rendered":"https:\/\/linitiative.ca\/International\/lafrique-de-demainil-fait-meilleur-vivre-aujourdhui-sur-le-continent-africain-que-par-le-passe\/"},"modified":"2021-08-02T12:25:25","modified_gmt":"2021-08-02T16:25:25","slug":"lafrique-de-demainil-fait-meilleur-vivre-aujourdhui-sur-le-continent-africain-que-par-le-passe","status":"publish","type":"post","link":"https:\/\/linitiative.ca\/International\/lafrique-de-demainil-fait-meilleur-vivre-aujourdhui-sur-le-continent-africain-que-par-le-passe\/","title":{"rendered":"L\u2019Afrique de demain:Il fait meilleur vivre aujourd\u2019hui sur le continent africain que par le pass\u00e9"},"content":{"rendered":"<div>\n<p>\u00a0<\/p>\n<p><em>par Mo Ibrahim<\/em><\/p>\n<p><strong>\u00a0<\/strong>Les deux derni\u00e8res d\u00e9cennies ont \u00e9t\u00e9 marqu\u00e9es par une constante am\u00e9lioration, \u00e0 tel point qu\u2019aujourd\u2019hui, un enfant n\u00e9 sur le continent a plus de chances que jamais d\u2019avoir une esp\u00e9rance de vie plus longue, d\u2019\u00e9chapper \u00e0 l\u2019extr\u00eame pauvret\u00e9, d\u2019\u00eatre scolarise dans le cycle primaire et de connaitre la croissance \u00e9conomique.<\/p>\n<p>Mais tout n\u2019est pas rose non plus. La pand\u00e9mie de COVID- 19 impacte massivement le continent, rentr\u00e9 en r\u00e9cession pour la premi\u00e8re fois depuis trente ans. Si les perspectives de croissance \u00e0 long terme demeurent positives, trop souvent cette croissance manque de consistance, ne cr\u00e9e pas d\u2019emplois et ne partage pas ses b\u00e9n\u00e9fices.<\/p>\n<p>Trop d\u2019inconsistance aussi en termes de gouvernance, fondement essentiel pourtant de tout progr\u00e8s durable. Sans bonne gouvernance \u2013 sans leadership transparent, cr\u00e9ateur de confiance et respectueux des valeurs d\u00e9mocratiques \u2013 les avanc\u00e9es sociales et \u00e9conomiques sont gaspill\u00e9es. Une bonne ann\u00e9e peut rapidement \u00eatre suivie d\u2019un retour en arri\u00e8re. Certes, la derni\u00e8re d\u00e9cennie a \u00e9t\u00e9, dans l\u2019ensemble, une p\u00e9riode d\u2019am\u00e9lioration. En 2019, un peu plus de 60\u00a0% des 1,3 milliard de citoyens du continent vivaient dans un pays o\u00f9 la gouvernance globale, telle qu\u2019\u00e9valu\u00e9e par l\u2019<a href=\"https:\/\/mo.ibrahim.foundation\/news\/2020\/2020-ibrahim-index-african-governance-key-findings\">Indice Ibrahim de la gouvernance en Afrique<\/a>, \u00e9tait meilleure qu\u2019en 2010.<\/p>\n<p>\u00a0<\/p>\n<p>Je suis clairement optimiste et il y a de bonnes raisons de l\u2019\u00eatre. Mais il faut \u00e9galement savoir rester r\u00e9aliste.<\/p>\n<p>Tandis que de nombreux pays, Europe et \u00c9tats-Unis notamment, se remettent d\u00e9j\u00e0 de la pand\u00e9mie, a l\u2019issue de <a href=\"https:\/\/ourworldindata.org\/covid-vaccinations\">campagnes de vaccination<\/a> qui couvrent d\u00e9j\u00e0 60 \u00e0 70\u00a0% de leur population adulte, l\u2019Afrique attend toujours. Les dirigeants africains ont su imposer pr\u00e9cocement des mesures de confinement qui ont surement permis de limiter les infections, mais aujourd\u2019hui ils se battent en vain pour procurer des vaccins a leurs populations. Au <a href=\"https:\/\/www.afro.who.int\/news\/nine-10-african-countries-set-miss-urgent-covid-19-vaccination-goal\">d\u00e9but du mois de juin<\/a> 2021, 32\u00a0millions de doses seulement avaient \u00e9t\u00e9 distribu\u00e9es en Afrique, pour une population qui d\u00e9passe 1,3 milliard d\u2019habitants. La th\u00e9saurisation des vaccins par les pays riches constitue une part importante du probl\u00e8me, mais la crise a \u00e9galement r\u00e9v\u00e9l\u00e9 l\u2019insoutenable carence actuelle de la capacit\u00e9 africaine de production de vaccins.<\/p>\n<p>Il est trop t\u00f4t pour \u00e9valuer le co\u00fbt total de la pand\u00e9mie pour le continent. Mais le rapport du Forum Ibrahim de cette ann\u00e9e sur l\u2019impact de la COVID-19 en Afrique souligne notamment que la pand\u00e9mie va exacerber les in\u00e9galit\u00e9s et alourdir la charge de gouvernements mal \u00e9quip\u00e9s pour faire face \u00e0 ce choc. Il en r\u00e9sultera une diminution des ressources, non seulement pour la sant\u00e9, mais aussi pour l\u2019\u00e9ducation, la formation et l\u2019investissement, au risque de susciter frustrations et col\u00e8re, et donc un risque accru d\u2019agitation sociale et de conflits.<\/p>\n<p>\u00a0<\/p>\n<p>Dans de nombreux pays africains, enfants et jeunes adultes ont \u00e9t\u00e9 priv\u00e9s de mois d\u2019enseignement et de contacts sociaux. Cloitres chez eux, sans outils d\u2019enseignement \u00e0 distance, ils ont souffert de malnutrition, manqu\u00e9 des rendez-vous sanitaires essentiels, et se sont retrouv\u00e9s expos\u00e9s \u00e0 un risque accru de <a href=\"https:\/\/www.unicef.org\/southafrica\/press-releases\/children-increased-risk-abuse-and-violence-covid-19-takes-its-toll\">violence et d\u2019abus<\/a>. Les cons\u00e9quences sur leur sant\u00e9 mentale et leur bien-\u00eatre sont importantes, et ces s\u00e9quelles perdurent.<\/p>\n<p>C\u2019est dans des moments comme celui-ci que la gouvernance prend tout son sens. La pand\u00e9mie constitue un d\u00e9fi sans pr\u00e9c\u00e9dent en mati\u00e8re de leadership, que de nombreux dirigeants africains ont su relever. Beaucoup ont agi de mani\u00e8re plus d\u00e9cisive que leurs homologues d\u2019autres r\u00e9gions du monde. Mais nous sommes au milieu du gu\u00e9. Chaque jour apporte de nouvelles d\u00e9cisions, plus difficiles, qui fa\u00e7onneront l\u2019avenir des g\u00e9n\u00e9rations qui nous suivent.<\/p>\n<p>Comment l\u2019Afrique peut-elle transformer cette crise en un tremplin vers le changement\u00a0? Pour moi, l\u2019essentiel, la seule chose qui compte en r\u00e9alit\u00e9, c\u2019est de cr\u00e9er des perspectives pour la jeunesse. Pour ce faire, il faut mettre l\u2019accent sur l\u2019\u00e9ducation, la formation, l\u2019investissement et l\u2019emploi. Ce ne sont pas l\u00e0 des mots creux. Tout indique que les soci\u00e9t\u00e9s sont prosp\u00e8res des lors qu\u2019elles investissent dans leur jeunesse, ce qui produit des avantages interg\u00e9n\u00e9rationnels pour la sant\u00e9, l\u2019\u00e9ducation et l\u2019\u00e9conomie.<\/p>\n<p>Il faut des investissements qui cr\u00e9ent des emplois et b\u00e2tissent des soci\u00e9t\u00e9s plus fortes. Les investissements augmentent en Afrique \u2013 de la part des gouvernements, des entreprises publiques et priv\u00e9es, des fonds de capital-investissement et des institutions financi\u00e8res \u2013 mais ils demeurent encore trop court-termistes et vuln\u00e9rables aux changements soudains dans l\u2019\u00e9valuation des risques ou le cours des mati\u00e8res premi\u00e8res.<\/p>\n<p>Il y a cependant des signes de changement. Les grandes \u00e9conomies mondiales reconnaissent la valeur et l\u2019int\u00e9r\u00eat de liens plus \u00e9troits avec le continent. Elles valorisent des pays comme le Nig\u00e9ria, l\u2019\u00c9thiopie, le Ghana ou le Kenya, qui h\u00e9bergent des dizaines ou centaines de millions de consommateurs, mais aussi de brillants entrepreneurs. Il faut renforcer les relations commerciales entre l\u2019Afrique et le reste du monde, mais dans une structure d\u2019\u00e9change plus \u00e9quilibr\u00e9e, et en confortant aussi la nouvelle Zone de libre-\u00e9change continentale africaine (ZLECA) et le d\u00e9veloppement de r\u00e9seaux d\u2019\u00e9changes infra-continentaux.<\/p>\n<p>\u00a0<\/p>\n<p>D\u2019ici \u00e0 2030, <a href=\"https:\/\/www.weforum.org\/agenda\/2021\/01\/hubs-africa-growth-potential-economics\/\">un cinqui\u00e8me de la population mondiale sera originaire d\u2019Afrique.<\/a> Chaque ann\u00e9e, des dizaines de millions de jeunes du continent rentrent sur le march\u00e9 du travail. Ils ont besoin des comp\u00e9tences et des formations qui leur permettent de r\u00e9aliser leur potentiel. Les jeunes sont le plus grand atout de notre continent, mais si nous ne leur offrons pas de possibilit\u00e9s d\u2019apprendre, de trouver un emploi et d\u2019\u00eatre productifs, nous risquons de les voir vouloir migrer vers des r\u00e9gions susceptibles de leur offrir ce qu\u2019ils recherchent, ou attires par des r\u00e9seaux parall\u00e8les.<\/p>\n<p>\u00a0<\/p>\n<p>La pand\u00e9mie est une crise majeure et profonde pour l\u2019Afrique, comme pour le reste du monde. Mais comme toute crise, elle ouvre des opportunites. Avec les d\u00e9cisions ad\u00e9quates, on peut faire mieux en mati\u00e8re d\u2019\u00e9ducation, d\u2019investissements, d\u2019emplois, d\u2019\u00e9changes. Que ce soit dans l\u2019\u00e9conomie num\u00e9rique, la transition \u00e9cologique, les ressources, l\u2019\u00e9nergie ou les infrastructures, les Africains peuvent jouer un r\u00f4le. Tirons parti de cette occasion pour construire une Afrique plus solide.<\/p>\n<p>L\u2019article <a rel=\"nofollow\" href=\"https:\/\/www.sidwaya.info\/blog\/2021\/08\/02\/lafrique-de-demain\/\">L\u2019Afrique de demain:Il fait meilleur vivre aujourd\u2019hui sur le continent africain que par le pass\u00e9<\/a> est apparu en premier sur <a rel=\"nofollow\" href=\"https:\/\/www.sidwaya.info\/\">Quotidien Sidwaya<\/a>.<\/p>\n<\/div>\n<p>Auteur: BS. Sidwaya<br \/>\n<a href=\"https:\/\/www.sidwaya.info\/blog\/2021\/08\/02\/lafrique-de-demain\/\">Cliquez ici pour lire l&rsquo;article depuis sa source.<\/a><\/p>\n","protected":false},"excerpt":{"rendered":"<p>\u00a0 par Mo Ibrahim \u00a0Les deux derni\u00e8res d\u00e9cennies ont \u00e9t\u00e9 marqu\u00e9es par une constante am\u00e9lioration, \u00e0 tel point qu\u2019aujourd\u2019hui, un enfant n\u00e9 sur le continent a plus de chances que jamais d\u2019avoir une esp\u00e9rance de vie plus longue, d\u2019\u00e9chapper \u00e0 l\u2019extr\u00eame pauvret\u00e9, d\u2019\u00eatre scolarise dans le cycle primaire et de connaitre la croissance \u00e9conomique. Mais [&hellip;]<\/p>\n","protected":false},"author":1816,"featured_media":0,"comment_status":"closed","ping_status":"closed","sticky":false,"template":"","format":"standard","meta":{"fifu_image_url":"","fifu_image_alt":"","footnotes":""},"categories":[73,81],"tags":[],"class_list":["post-123083","post","type-post","status-publish","format-standard","hentry","category-actualite","category-burkina-faso"],"_links":{"self":[{"href":"https:\/\/linitiative.ca\/International\/wp-json\/wp\/v2\/posts\/123083","targetHints":{"allow":["GET"]}}],"collection":[{"href":"https:\/\/linitiative.ca\/International\/wp-json\/wp\/v2\/posts"}],"about":[{"href":"https:\/\/linitiative.ca\/International\/wp-json\/wp\/v2\/types\/post"}],"author":[{"embeddable":true,"href":"https:\/\/linitiative.ca\/International\/wp-json\/wp\/v2\/users\/1816"}],"replies":[{"embeddable":true,"href":"https:\/\/linitiative.ca\/International\/wp-json\/wp\/v2\/comments?post=123083"}],"version-history":[{"count":0,"href":"https:\/\/linitiative.ca\/International\/wp-json\/wp\/v2\/posts\/123083\/revisions"}],"wp:attachment":[{"href":"https:\/\/linitiative.ca\/International\/wp-json\/wp\/v2\/media?parent=123083"}],"wp:term":[{"taxonomy":"category","embeddable":true,"href":"https:\/\/linitiative.ca\/International\/wp-json\/wp\/v2\/categories?post=123083"},{"taxonomy":"post_tag","embeddable":true,"href":"https:\/\/linitiative.ca\/International\/wp-json\/wp\/v2\/tags?post=123083"}],"curies":[{"name":"wp","href":"https:\/\/api.w.org\/{rel}","templated":true}]}}