{"id":123084,"date":"2021-08-02T14:18:02","date_gmt":"2021-08-02T18:18:02","guid":{"rendered":"https:\/\/linitiative.ca\/International\/maroc-covid-19-couvre-feu-de-21h-a-5h-du-matin-gouvernement\/"},"modified":"2021-08-02T14:18:02","modified_gmt":"2021-08-02T18:18:02","slug":"maroc-covid-19-couvre-feu-de-21h-a-5h-du-matin-gouvernement","status":"publish","type":"post","link":"https:\/\/linitiative.ca\/International\/maroc-covid-19-couvre-feu-de-21h-a-5h-du-matin-gouvernement\/","title":{"rendered":"Maroc\/Covid-19 : Couvre-feu de 21h \u00e0 5h du matin (gouvernement)"},"content":{"rendered":"<div>\n<p><img loading=\"lazy\" decoding=\"async\" width=\"4000\" height=\"2667\" src=\"https:\/\/linitiative.ca\/International\/wp-content\/uploads\/sites\/23\/2021\/08\/16279282822775.jpg\" class=\"attachment-post-thumbnail size-post-thumbnail wp-post-image\" alt=\"\" srcset=\"https:\/\/linitiative.ca\/International\/wp-content\/uploads\/sites\/23\/2021\/08\/16279282822775.jpg 4000w, https:\/\/www.journalducameroun.com\/wp-content\/uploads\/2021\/08\/16279282822775-300x200.jpg 300w, https:\/\/www.journalducameroun.com\/wp-content\/uploads\/2021\/08\/16279282822775-768x512.jpg 768w, https:\/\/www.journalducameroun.com\/wp-content\/uploads\/2021\/08\/16279282822775-1024x683.jpg 1024w, https:\/\/www.journalducameroun.com\/wp-content\/uploads\/2021\/08\/16279282822775-660x440.jpg 660w, https:\/\/www.journalducameroun.com\/wp-content\/uploads\/2021\/08\/16279282822775-600x400.jpg 600w\" sizes=\"auto, (max-width: 4000px) 100vw, 4000px\"><\/p>\n<p>Le gouvernement marocain a d\u00e9cid\u00e9, lundi de prendre des mesures pr\u00e9ventives pour juguler la propagation de la pand\u00e9mie du Covid-19 et ce conform\u00e9ment aux recommandations du comit\u00e9 scientifique en charge du suivi de la pand\u00e9mie.Ces mesures, qui entrent en vigueur \u00e0 partir de mardi 3 ao\u00fbt, portent sur l&rsquo;interdiction des d\u00e9placements de nuit dans tout le pays de 21h00 \u00e0 05h00, l&rsquo;interdiction de circuler vers et depuis les villes de Casablanca, Marrakech et Agadir, indique un communiqu\u00e9 du gouvernement.<\/p>\n<p>Sont exclus de cette d\u00e9cision les personnes vaccin\u00e9es titulaires d&rsquo;un pass sanitaire, les personnes pr\u00e9sentant des conditions m\u00e9dicales urgentes, les personnes charg\u00e9es du transport de biens et de marchandises, ainsi que les travailleurs des secteurs public et priv\u00e9 titulaires d&rsquo;un \u00ab\u00a0ordre de mission\u00a0\u00bb sign\u00e9 et scell\u00e9 par leurs sup\u00e9rieurs au travail.<\/p>\n<p>Il s&rsquo;agit \u00e9galement de la fermeture des restaurants et caf\u00e9s \u00e0 21h00, de la fermeture des Hammams (bains maures), salles de sport et piscines couvertes.<\/p>\n<p>Les rassemblements et activit\u00e9s dans les espaces ferm\u00e9s et ouverts ne doivent pas d\u00e9passer 25 personnes, avec obligation d&rsquo;obtenir une autorisation des autorit\u00e9s locales en cas de d\u00e9passement.<\/p>\n<p>Pour les h\u00f4tels et autres \u00e9tablissements touristiques, ils ne doivent pas d\u00e9passer 75 % de leur capacit\u00e9.<\/p>\n<p>Le gouvernement encourage aussi le travail \u00e0 distance dans les secteurs public et priv\u00e9, dans les cas qui le permettent.<\/p>\n<p>L&rsquo;ex\u00e9cutif marocain, a par ailleurs, insist\u00e9, dans son communiqu\u00e9, sur le respect strict de toutes les mesures de pr\u00e9caution en vigueur dans le cadre de \u00ab l&rsquo;\u00e9tat d&rsquo;urgence sanitaire \u00bb, notamment la distanciation physique, les r\u00e8gles g\u00e9n\u00e9rales d&rsquo;hygi\u00e8ne et le port obligatoire du masque de protection, pr\u00e9cise la m\u00eame source.<\/p>\n<p>Et de pr\u00e9ciser que les autorit\u00e9s \u00ab continueront \u00e0 d\u00e9ployer les proc\u00e9dures de contr\u00f4le strictes et \u00e0 proc\u00e9der aux sanctions appropri\u00e9es \u00e0 l&rsquo;encontre de toute institution ou personne en violation des r\u00e8gles en vigueur \u00bb.<\/p>\n<p>Cet article <a rel=\"nofollow\" href=\"https:\/\/www.journalducameroun.com\/maroc-covid-19-couvre-feu-de-21h-a-5h-du-matin-gouvernement\/\">Maroc\/Covid-19 : Couvre-feu de 21h \u00e0 5h du matin (gouvernement)<\/a> est apparu en premier sur <a rel=\"nofollow\" href=\"https:\/\/www.journalducameroun.com\/\">Journal du Cameroun<\/a>.<\/p>\n<\/div>\n<p>Auteur: APA News<br \/>\n<a href=\"https:\/\/www.journalducameroun.com\/maroc-covid-19-couvre-feu-de-21h-a-5h-du-matin-gouvernement\/\">Cliquez ici pour lire l&rsquo;article depuis sa source.<\/a><\/p>\n","protected":false},"excerpt":{"rendered":"<p>Le gouvernement marocain a d\u00e9cid\u00e9, lundi de prendre des mesures pr\u00e9ventives pour juguler la propagation de la pand\u00e9mie du Covid-19 et ce conform\u00e9ment aux recommandations du comit\u00e9 scientifique en charge du suivi de la pand\u00e9mie.Ces mesures, qui entrent en vigueur \u00e0 partir de mardi 3 ao\u00fbt, portent sur l&rsquo;interdiction des d\u00e9placements de nuit dans tout [&hellip;]<\/p>\n","protected":false},"author":1965,"featured_media":0,"comment_status":"closed","ping_status":"closed","sticky":false,"template":"","format":"standard","meta":{"fifu_image_url":"https:\/\/www.journalducameroun.com\/wp-content\/uploads\/2021\/08\/16279282822775.jpg","fifu_image_alt":"Maroc\/Covid-19 : Couvre-feu de 21h \u00e0 5h du matin (gouvernement)","footnotes":""},"categories":[73,82],"tags":[],"class_list":["post-123084","post","type-post","status-publish","format-standard","hentry","category-actualite","category-cameroun"],"_links":{"self":[{"href":"https:\/\/linitiative.ca\/International\/wp-json\/wp\/v2\/posts\/123084","targetHints":{"allow":["GET"]}}],"collection":[{"href":"https:\/\/linitiative.ca\/International\/wp-json\/wp\/v2\/posts"}],"about":[{"href":"https:\/\/linitiative.ca\/International\/wp-json\/wp\/v2\/types\/post"}],"author":[{"embeddable":true,"href":"https:\/\/linitiative.ca\/International\/wp-json\/wp\/v2\/users\/1965"}],"replies":[{"embeddable":true,"href":"https:\/\/linitiative.ca\/International\/wp-json\/wp\/v2\/comments?post=123084"}],"version-history":[{"count":0,"href":"https:\/\/linitiative.ca\/International\/wp-json\/wp\/v2\/posts\/123084\/revisions"}],"wp:attachment":[{"href":"https:\/\/linitiative.ca\/International\/wp-json\/wp\/v2\/media?parent=123084"}],"wp:term":[{"taxonomy":"category","embeddable":true,"href":"https:\/\/linitiative.ca\/International\/wp-json\/wp\/v2\/categories?post=123084"},{"taxonomy":"post_tag","embeddable":true,"href":"https:\/\/linitiative.ca\/International\/wp-json\/wp\/v2\/tags?post=123084"}],"curies":[{"name":"wp","href":"https:\/\/api.w.org\/{rel}","templated":true}]}}