{"id":123086,"date":"2021-08-02T14:18:02","date_gmt":"2021-08-02T18:18:02","guid":{"rendered":"https:\/\/linitiative.ca\/International\/niger-plusieurs-militaires-tues-dans-une-attaque\/"},"modified":"2021-08-02T14:18:02","modified_gmt":"2021-08-02T18:18:02","slug":"niger-plusieurs-militaires-tues-dans-une-attaque","status":"publish","type":"post","link":"https:\/\/linitiative.ca\/International\/niger-plusieurs-militaires-tues-dans-une-attaque\/","title":{"rendered":"Niger : plusieurs militaires tu\u00e9s dans une attaque"},"content":{"rendered":"<div>\n<p>L\u2019arm\u00e9e nig\u00e9rienne a subi de lourdes pertes lors d\u2019attaques jihadistes dans le sud-ouest du pays.La r\u00e9gion de Tillab\u00e9ri renoue avec les attaques jihadistes. Cette fois, c\u2019est l\u2019arm\u00e9e nig\u00e9rienne qui perd plusieurs membres lors d\u2019une op\u00e9ration de ravitaillement dans le d\u00e9partement de Torodi, proche du Burkina Faso.<\/p>\n<p>Selon le ministre de la D\u00e9fense nig\u00e9rienne, les soldats ont \u00e9t\u00e9 \u00ab\u00a0pris dans une embuscade\u00a0\u00bb tendue par des \u00ab\u00a0groupes arm\u00e9es terroristes \u00bb samedi dans la matin\u00e9e vers 10 heures. Au moment d\u2019\u00e9vacuer les bless\u00e9s, ils tombent sur un \u00ab\u00a0engin explosif improvis\u00e9 \u00bb dissimul\u00e9 par les assaillants.<\/p>\n<p>Le bilan est lourd, quinze soldats ont p\u00e9ri, en plus de sept bless\u00e9s et six port\u00e9s disparus selon le communiqu\u00e9 du gouvernement parvenu lundi \u00e0 APA.<\/p>\n<p>La r\u00e9gion de Tillab\u00e9ri est souvent prise pour cible par les groupes jihadistes. L\u2019\u00c9tat islamique au Grand Sahara (EIGS) et le Groupe de soutien \u00e0 l\u2019islam et aux musulmans (GSIM, affili\u00e9 \u00e0 Al-Qa\u00efda) op\u00e8rent dans cette zone en ciblant souvent des civils. \u00a0<\/p>\n<p>Entre dimanche 25 juillet et mercredi 28 juillet dernier, pas moins de 33 villageois ont \u00e9t\u00e9 tu\u00e9s au nord pr\u00e8s de la fronti\u00e8re malienne dans deux attaques distinctes.<\/p>\n<p>Cette recrudescence des agressions dans cette zone dite des \u00ab trois fronti\u00e8res \u00bb\u00a0entre le Niger, le Burkina Faso et le Mali, avait pouss\u00e9 le d\u00e9funt pr\u00e9sident tchadien Idriss Deby Itno \u00e0 d\u00e9ployer en f\u00e9vrier dernier, 1200 soldats dans le cadre de la force multinationale anti-djihadiste du \u00ab\u00a0G5 Sahel\u00a0\u00bb. Cette derni\u00e8re regroupe la Mauritanie, le Mali, le Burkina Faso, le Niger et le Tchad.<\/p>\n<p>Cet article <a rel=\"nofollow\" href=\"https:\/\/www.journalducameroun.com\/niger-plusieurs-militaires-tues-dans-une-attaque\/\">Niger : plusieurs militaires tu\u00e9s dans une attaque<\/a> est apparu en premier sur <a rel=\"nofollow\" href=\"https:\/\/www.journalducameroun.com\/\">Journal du Cameroun<\/a>.<\/p>\n<\/div>\n<p>Auteur: APA News<br \/>\n<a href=\"https:\/\/www.journalducameroun.com\/niger-plusieurs-militaires-tues-dans-une-attaque\/\">Cliquez ici pour lire l&rsquo;article depuis sa source.<\/a><\/p>\n","protected":false},"excerpt":{"rendered":"<p>L\u2019arm\u00e9e nig\u00e9rienne a subi de lourdes pertes lors d\u2019attaques jihadistes dans le sud-ouest du pays.La r\u00e9gion de Tillab\u00e9ri renoue avec les attaques jihadistes. Cette fois, c\u2019est l\u2019arm\u00e9e nig\u00e9rienne qui perd plusieurs membres lors d\u2019une op\u00e9ration de ravitaillement dans le d\u00e9partement de Torodi, proche du Burkina Faso. Selon le ministre de la D\u00e9fense nig\u00e9rienne, les soldats [&hellip;]<\/p>\n","protected":false},"author":1965,"featured_media":0,"comment_status":"closed","ping_status":"closed","sticky":false,"template":"","format":"standard","meta":{"fifu_image_url":"","fifu_image_alt":"","footnotes":""},"categories":[73,82],"tags":[],"class_list":["post-123086","post","type-post","status-publish","format-standard","hentry","category-actualite","category-cameroun"],"_links":{"self":[{"href":"https:\/\/linitiative.ca\/International\/wp-json\/wp\/v2\/posts\/123086","targetHints":{"allow":["GET"]}}],"collection":[{"href":"https:\/\/linitiative.ca\/International\/wp-json\/wp\/v2\/posts"}],"about":[{"href":"https:\/\/linitiative.ca\/International\/wp-json\/wp\/v2\/types\/post"}],"author":[{"embeddable":true,"href":"https:\/\/linitiative.ca\/International\/wp-json\/wp\/v2\/users\/1965"}],"replies":[{"embeddable":true,"href":"https:\/\/linitiative.ca\/International\/wp-json\/wp\/v2\/comments?post=123086"}],"version-history":[{"count":0,"href":"https:\/\/linitiative.ca\/International\/wp-json\/wp\/v2\/posts\/123086\/revisions"}],"wp:attachment":[{"href":"https:\/\/linitiative.ca\/International\/wp-json\/wp\/v2\/media?parent=123086"}],"wp:term":[{"taxonomy":"category","embeddable":true,"href":"https:\/\/linitiative.ca\/International\/wp-json\/wp\/v2\/categories?post=123086"},{"taxonomy":"post_tag","embeddable":true,"href":"https:\/\/linitiative.ca\/International\/wp-json\/wp\/v2\/tags?post=123086"}],"curies":[{"name":"wp","href":"https:\/\/api.w.org\/{rel}","templated":true}]}}