{"id":123087,"date":"2021-08-02T14:18:03","date_gmt":"2021-08-02T18:18:03","guid":{"rendered":"https:\/\/linitiative.ca\/International\/gbagbo-evoque-avoir-parle-de-soro-avec-ouattara\/"},"modified":"2021-08-02T14:18:03","modified_gmt":"2021-08-02T18:18:03","slug":"gbagbo-evoque-avoir-parle-de-soro-avec-ouattara","status":"publish","type":"post","link":"https:\/\/linitiative.ca\/International\/gbagbo-evoque-avoir-parle-de-soro-avec-ouattara\/","title":{"rendered":"Gbagbo \u00e9voque avoir parl\u00e9 de Soro avec Ouattara"},"content":{"rendered":"<div>\n<p><img loading=\"lazy\" decoding=\"async\" width=\"1920\" height=\"1080\" src=\"https:\/\/linitiative.ca\/International\/wp-content\/uploads\/sites\/23\/2021\/08\/16279282841405.jpg\" class=\"attachment-post-thumbnail size-post-thumbnail wp-post-image\" alt=\"\" srcset=\"https:\/\/linitiative.ca\/International\/wp-content\/uploads\/sites\/23\/2021\/08\/16279282841405.jpg 1920w, https:\/\/www.journalducameroun.com\/wp-content\/uploads\/2021\/08\/16279282841405-300x169.jpg 300w, https:\/\/www.journalducameroun.com\/wp-content\/uploads\/2021\/08\/16279282841405-768x432.jpg 768w, https:\/\/www.journalducameroun.com\/wp-content\/uploads\/2021\/08\/16279282841405-1024x576.jpg 1024w, https:\/\/www.journalducameroun.com\/wp-content\/uploads\/2021\/08\/16279282841405-780x440.jpg 780w, https:\/\/www.journalducameroun.com\/wp-content\/uploads\/2021\/08\/16279282841405-380x215.jpg 380w, https:\/\/www.journalducameroun.com\/wp-content\/uploads\/2021\/08\/16279282841405-160x90.jpg 160w, https:\/\/www.journalducameroun.com\/wp-content\/uploads\/2021\/08\/16279282841405-240x135.jpg 240w, https:\/\/www.journalducameroun.com\/wp-content\/uploads\/2021\/08\/16279282841405-782x440.jpg 782w, https:\/\/www.journalducameroun.com\/wp-content\/uploads\/2021\/08\/16279282841405-600x338.jpg 600w\" sizes=\"auto, (max-width: 1920px) 100vw, 1920px\"><\/p>\n<p>L&rsquo;ancien pr\u00e9sident ivoirien Laurent Gbagbo a \u00e9voqu\u00e9 lundi \u00e0 Abidjan avoir parl\u00e9 de Guillaume Soro, ex-pr\u00e9sident de l&rsquo;Assembl\u00e9e nationale de C\u00f4te d&rsquo;Ivoire, avec Alassane Ouattara qui lui a dit \u00ab\u00a0deux mots\u00a0\u00bb \u00e0 son sujet.<\/p>\n<p>Apr\u00e8s le \u00ab\u00a0combat\u00a0\u00bb pour la lib\u00e9ration des d\u00e9tenus civils et militaires de la crise post-\u00e9lectorale de 2010-2011 et de la pr\u00e9sidentielle de 2020, M. Gbagbo compte plaider pour les Ivoiriens en exil, car \u00ab\u00a0ceux qui sont exil\u00e9s sont aussi en prison\u00a0\u00bb.<\/p>\n<p>M. Gbagbo s&rsquo;adressait, lundi, au quartier g\u00e9n\u00e9ral du Front populaire ivoirien (FPI, opposition), sa formation politique, \u00e0 des dizaines de femmes de d\u00e9tenus des crises \u00e9lectorales qui ont eu lieu depuis 2011.\u00a0<\/p>\n<p>\u00ab\u00a0Le pr\u00e9sident Ouattara m&rsquo;a dit deux mots de Soro. Donc, tout \u00e7a, \u00e7a fait partie de nos combats, mais il faut aller pas \u00e0 pas. Pour le moment, c&rsquo;est ceux qu&rsquo;on peut sortir par un d\u00e9cret, apr\u00e8s les autres, je vais aussi monter au cr\u00e9neau pour parler d&rsquo;eux pour qu&rsquo;ils reviennent au pays\u00a0\u00bb, a-t-il dit. \u00a0\u00a0<\/p>\n<p>Les exil\u00e9s, soulignera-t-il, ne sont pas ceux qui sont dans des camps, \u00ab\u00a0il y a des exil\u00e9s qui ne sont pas dans des camps, il y en a \u00e0 Paris, \u00e0 Bruxelles\u00a0\u00bb, a fait observer l&rsquo;ancien pr\u00e9sident ivoirien Laurent Gbagbo.<\/p>\n<p>Mme Dosso Seydou, au nom des femmes des \u00e9poux d\u00e9tenus de G\u00e9n\u00e9ration et peuples solidaires (GPS), mouvement citoyen cr\u00e9\u00e9 par Guillaume Soro et r\u00e9cemment dissout par la justice, a remerci\u00e9 M. Gbagbo pour cette initiative.\u00a0<\/p>\n<p>Son \u00e9poux, \u00a0rapportera-t-elle, est en d\u00e9tention depuis 18 mois. Avec six enfants \u00e0 charge, elle a laiss\u00e9 entendre qu&rsquo; elle \u00ab\u00a0souffre\u00a0\u00bb et ne peut subvenir aux besoins de la famille. De ce fait, son premier fils n&rsquo;a pu achever son ann\u00e9e scolaire en 2020 parce que la scolarit\u00e9 n&rsquo;a pas \u00e9t\u00e9 sold\u00e9e.<\/p>\n<p>\u00ab\u00a0Je suis avec vous quels que soient vos partis et tant que vos conjoints sont en prison et notre combat c&rsquo;est de les sortir de la prison, et faire en sorte qu&rsquo;il n&rsquo;y ait plus jamais un seul prisonnier d&rsquo;opinion en C\u00f4te d&rsquo;Ivoire\u00a0\u00bb, a promis M. Gbagbo. \u00a0<\/p>\n<p>L&rsquo;ex-pr\u00e9sident a traduit que son combat \u00a0est de faire en sorte qu&rsquo;il n&rsquo;y ait pas d&rsquo;homme politique qu&rsquo;on emprisonne pour ses opinions et que les exil\u00e9s rentrent dans leur pays. Car, l&rsquo;on ne devrait pas perdre sa libert\u00e9 pour ses opinions.\u00a0<\/p>\n<p>\u00c9voquant les chefs d&rsquo;accusations retenus contre lui par la Cour p\u00e9nale internationale (CPI), dans l&rsquo;affaire de crimes contre l&rsquo;humanit\u00e9 perp\u00e9tr\u00e9s lors des violences post-\u00e9lectorales de 2010-2011, il a d\u00e9clar\u00e9 qu&rsquo; il n&rsquo;avait rien contre les Dioula, ressortissants du Nord ivoirien.<\/p>\n<p>\u00ab\u00a0Ici, (en C\u00f4te d&rsquo;Ivoire), nous vivons plus qu&rsquo;unis que les gens ne le croient. Nous faisons nos palabres, dans quel pays on ne fait pas de palabre\u00a0\u00bb, a-t-il ajout\u00e9, insinuant qu&rsquo;il existe un brassage entre les diff\u00e9rentes cultures.<\/p>\n<p>\u00ab\u00a0Je suis mari\u00e9 \u00e0 une femme Dioula, les gens ne nous connaissent pas et ils nous jugent\u00a0\u00bb, a dit M. Gbagbo avouant avoir aim\u00e9 la derni\u00e8re partie de la plaidoirie de Me Agathe Barouan qui a montr\u00e9 combien il n&rsquo;y a aucun cloisonnement entre les Ivoiriens.\u00a0<\/p>\n<p>M. Guillaume Soro, condamn\u00e9 \u00e0 vie, par contumace pour atteinte \u00e0 la s\u00fbret\u00e9 de l&rsquo;Etat est actuellement hors de la C\u00f4te d&rsquo;Ivoire. Plusieurs de ses proches et les membres de sa garde rapproch\u00e9e ont aussi \u00e9cop\u00e9 de peine de prison allant de 17 \u00e0 20 ans. \u00a0<\/p>\n<p>Cet article <a rel=\"nofollow\" href=\"https:\/\/www.journalducameroun.com\/gbagbo-evoque-avoir-parle-de-soro-avec-ouattara\/\">Gbagbo \u00e9voque avoir parl\u00e9 de Soro avec Ouattara<\/a> est apparu en premier sur <a rel=\"nofollow\" href=\"https:\/\/www.journalducameroun.com\/\">Journal du Cameroun<\/a>.<\/p>\n<\/div>\n<p>Auteur: APA News<br \/>\n<a href=\"https:\/\/www.journalducameroun.com\/gbagbo-evoque-avoir-parle-de-soro-avec-ouattara\/\">Cliquez ici pour lire l&rsquo;article depuis sa source.<\/a><\/p>\n","protected":false},"excerpt":{"rendered":"<p>L&rsquo;ancien pr\u00e9sident ivoirien Laurent Gbagbo a \u00e9voqu\u00e9 lundi \u00e0 Abidjan avoir parl\u00e9 de Guillaume Soro, ex-pr\u00e9sident de l&rsquo;Assembl\u00e9e nationale de C\u00f4te d&rsquo;Ivoire, avec Alassane Ouattara qui lui a dit \u00ab\u00a0deux mots\u00a0\u00bb \u00e0 son sujet. Apr\u00e8s le \u00ab\u00a0combat\u00a0\u00bb pour la lib\u00e9ration des d\u00e9tenus civils et militaires de la crise post-\u00e9lectorale de 2010-2011 et de la pr\u00e9sidentielle [&hellip;]<\/p>\n","protected":false},"author":1965,"featured_media":0,"comment_status":"closed","ping_status":"closed","sticky":false,"template":"","format":"standard","meta":{"fifu_image_url":"https:\/\/www.journalducameroun.com\/wp-content\/uploads\/2021\/08\/16279282841405.jpg","fifu_image_alt":"Gbagbo \u00e9voque avoir parl\u00e9 de Soro avec Ouattara","footnotes":""},"categories":[73,82],"tags":[],"class_list":["post-123087","post","type-post","status-publish","format-standard","hentry","category-actualite","category-cameroun"],"_links":{"self":[{"href":"https:\/\/linitiative.ca\/International\/wp-json\/wp\/v2\/posts\/123087","targetHints":{"allow":["GET"]}}],"collection":[{"href":"https:\/\/linitiative.ca\/International\/wp-json\/wp\/v2\/posts"}],"about":[{"href":"https:\/\/linitiative.ca\/International\/wp-json\/wp\/v2\/types\/post"}],"author":[{"embeddable":true,"href":"https:\/\/linitiative.ca\/International\/wp-json\/wp\/v2\/users\/1965"}],"replies":[{"embeddable":true,"href":"https:\/\/linitiative.ca\/International\/wp-json\/wp\/v2\/comments?post=123087"}],"version-history":[{"count":0,"href":"https:\/\/linitiative.ca\/International\/wp-json\/wp\/v2\/posts\/123087\/revisions"}],"wp:attachment":[{"href":"https:\/\/linitiative.ca\/International\/wp-json\/wp\/v2\/media?parent=123087"}],"wp:term":[{"taxonomy":"category","embeddable":true,"href":"https:\/\/linitiative.ca\/International\/wp-json\/wp\/v2\/categories?post=123087"},{"taxonomy":"post_tag","embeddable":true,"href":"https:\/\/linitiative.ca\/International\/wp-json\/wp\/v2\/tags?post=123087"}],"curies":[{"name":"wp","href":"https:\/\/api.w.org\/{rel}","templated":true}]}}