{"id":123089,"date":"2021-08-02T15:18:02","date_gmt":"2021-08-02T19:18:02","guid":{"rendered":"https:\/\/linitiative.ca\/International\/covid-19-au-senegal-des-fonds-americains-pour-la-vaccination\/"},"modified":"2021-08-02T15:18:02","modified_gmt":"2021-08-02T19:18:02","slug":"covid-19-au-senegal-des-fonds-americains-pour-la-vaccination","status":"publish","type":"post","link":"https:\/\/linitiative.ca\/International\/covid-19-au-senegal-des-fonds-americains-pour-la-vaccination\/","title":{"rendered":"Covid-19 au S\u00e9n\u00e9gal : des fonds am\u00e9ricains pour la vaccination"},"content":{"rendered":"<div>\n<p><img loading=\"lazy\" decoding=\"async\" width=\"909\" height=\"530\" src=\"https:\/\/linitiative.ca\/International\/wp-content\/uploads\/sites\/23\/2021\/08\/16279318825742.jpg\" class=\"attachment-post-thumbnail size-post-thumbnail wp-post-image\" alt=\"\" srcset=\"https:\/\/linitiative.ca\/International\/wp-content\/uploads\/sites\/23\/2021\/08\/16279318825742.jpg 909w, https:\/\/www.journalducameroun.com\/wp-content\/uploads\/2021\/08\/16279318825742-300x175.jpg 300w, https:\/\/www.journalducameroun.com\/wp-content\/uploads\/2021\/08\/16279318825742-768x448.jpg 768w, https:\/\/www.journalducameroun.com\/wp-content\/uploads\/2021\/08\/16279318825742-755x440.jpg 755w, https:\/\/www.journalducameroun.com\/wp-content\/uploads\/2021\/08\/16279318825742-600x350.jpg 600w\" sizes=\"auto, (max-width: 909px) 100vw, 909px\"><\/p>\n<p>L&rsquo;USAID par le biais de l&rsquo;Unicef vont appuyer la campagne de vaccination contre le coronavirus au S\u00e9n\u00e9gal.L&rsquo;Agence des \u00c9tats-Unis pour le d\u00e9veloppement international (USAID) a annonc\u00e9, lundi, la mise \u00e0 disposition du Fonds des Nations unies pour l&rsquo;enfance (Unicef) d&rsquo;une enveloppe d&rsquo;environ 406.000.000 FCFA (700 000 dollars) pour financer le d\u00e9ploiement de vaccins contre la Covid-19 et renforcer la r\u00e9ponse du S\u00e9n\u00e9gal \u00e0 cette pand\u00e9mie.<\/p>\n<p>Ces fonds permettront \u00e0 l&rsquo;Unicef de renforcer la cha\u00eene du froid au S\u00e9n\u00e9gal, en vue de garantir la distribution et la livraison, en toute s\u00e9curit\u00e9, des vaccins, y compris ceux fournis par l&rsquo;initiative Covax, dans l&rsquo;ensemble du pays, pr\u00e9cise le communiqu\u00e9 de l&rsquo;Ambassade am\u00e9ricaine \u00e0 Dakar.<\/p>\n<p>Selon cette m\u00eame source, les fonds seront \u00e9galement utilis\u00e9s pour appuyer les efforts du gouvernement visant \u00e0 encourager l&rsquo;utilisation de vaccins s\u00fbrs et efficaces et l&rsquo;application continue de mesures de protection au sein des communaut\u00e9s.<\/p>\n<p>Cet appui de l&rsquo;USAID \u00e0 l&rsquo;Unicef devrait s&rsquo;ajouter \u00e0 titre compl\u00e9mentaire aux dons effectu\u00e9s par le syst\u00e8me Covax. Le partenariat USAID-Unicef arrive \u00e0 point nomm\u00e9 pour le S\u00e9n\u00e9gal qui conna\u00eet, depuis la fin du mois de mai 2021, une nouvelle recrudescence de cas de Covid-19.<\/p>\n<p>Gr\u00e2ce au soutien de l&rsquo;USAID, l&rsquo;Unicef pourra poursuivre l&rsquo;acquisition d&rsquo;\u00e9quipements essentiels au transport des vaccins, notamment des bo\u00eetes isothermes, des bacs \u00e0 glace et des porte-vaccins, poursuit la note.<\/p>\n<p>Il pourra \u00e9galement renforcer la communication en mati\u00e8re de sant\u00e9 publique \u00e0 travers les m\u00e9dias grand public et les r\u00e9seaux sociaux. Ces fonds aideront le gouvernement et les partenaires \u00e0 lutter contre la d\u00e9sinformation et \u00e0 stimuler les efforts visant \u00e0 limiter la propagation de la Covid-19.<\/p>\n<p>\u00ab\u00a0Nous nous r\u00e9jouissons de ce soutien de l&rsquo;USAID qui contribuera \u00e0 pr\u00e9parer les nouveaux arrivages de vaccins contre la Covid-19 et \u00e0 s&rsquo;assurer de leur distribution en toute s\u00e9curit\u00e9 \u00e0 travers le pays\u00a0\u00bb, a d\u00e9clar\u00e9 Silvia Danailov, repr\u00e9sentante de l&rsquo;Unicef au S\u00e9n\u00e9gal, cit\u00e9 par le document.<\/p>\n<p>A en croire Mme Danailov, \u00ab malgr\u00e9 les progr\u00e8s impressionnants r\u00e9alis\u00e9s dans la campagne de vaccination, le S\u00e9n\u00e9gal a besoin d&rsquo;importantes doses de vaccin suppl\u00e9mentaires pour atteindre une plus grande partie de sa population et vaincre le virus. Il a \u00e9galement besoin d&rsquo;un soutien accru pour renforcer la cha\u00eene de froid et communiquer avec les communaut\u00e9s afin de cr\u00e9er un environnement favorable \u00e0 la vaccination, d&rsquo;instaurer la confiance et de garantir l&rsquo;application des mesures barri\u00e8res tout en poursuivant le d\u00e9ploiement des vaccins.\u00a0\u00bb<\/p>\n<p>Pour le directeur de l&rsquo;USAID au S\u00e9n\u00e9gal, Peter Trenchard, ce don s&rsquo;inscrit dans le cadre de l&rsquo;engagement du gouvernement am\u00e9ricain \u00e0 mettre fin \u00e0 la pand\u00e9mie. \u00ab L&rsquo;USAID S\u00e9n\u00e9gal esp\u00e8re pouvoir aider le gouvernement du S\u00e9n\u00e9gal et d&rsquo;autres partenaires du secteur de la sant\u00e9 \u00e0 livrer, distribuer et administrer des vaccins essentiels pour aider le pays \u00e0 se remettre sur pied et \u00e0 prot\u00e9ger les populations vuln\u00e9rables \u00bb, a-t-il d\u00e9clar\u00e9.<\/p>\n<p>Au cours du mois de juillet 2021, les \u00c9tats-Unis ont fourni plus de 300.000 doses uniques de vaccins Johnson &amp; Johnson au S\u00e9n\u00e9gal \u00e0 travers Covax, en coordination avec l&rsquo;Union africaine.<\/p>\n<p>Cet article <a rel=\"nofollow\" href=\"https:\/\/www.journalducameroun.com\/covid-19-au-senegal-des-fonds-americains-pour-la-vaccination\/\">Covid-19 au S\u00e9n\u00e9gal : des fonds am\u00e9ricains pour la vaccination<\/a> est apparu en premier sur <a rel=\"nofollow\" href=\"https:\/\/www.journalducameroun.com\/\">Journal du Cameroun<\/a>.<\/p>\n<\/div>\n<p>Auteur: APA News<br \/>\n<a href=\"https:\/\/www.journalducameroun.com\/covid-19-au-senegal-des-fonds-americains-pour-la-vaccination\/\">Cliquez ici pour lire l&rsquo;article depuis sa source.<\/a><\/p>\n","protected":false},"excerpt":{"rendered":"<p>L&rsquo;USAID par le biais de l&rsquo;Unicef vont appuyer la campagne de vaccination contre le coronavirus au S\u00e9n\u00e9gal.L&rsquo;Agence des \u00c9tats-Unis pour le d\u00e9veloppement international (USAID) a annonc\u00e9, lundi, la mise \u00e0 disposition du Fonds des Nations unies pour l&rsquo;enfance (Unicef) d&rsquo;une enveloppe d&rsquo;environ 406.000.000 FCFA (700 000 dollars) pour financer le d\u00e9ploiement de vaccins contre la [&hellip;]<\/p>\n","protected":false},"author":1965,"featured_media":0,"comment_status":"closed","ping_status":"closed","sticky":false,"template":"","format":"standard","meta":{"fifu_image_url":"https:\/\/www.journalducameroun.com\/wp-content\/uploads\/2021\/08\/16279318825742.jpg","fifu_image_alt":"Covid-19 au S\u00e9n\u00e9gal : des fonds am\u00e9ricains pour la vaccination","footnotes":""},"categories":[73,82],"tags":[],"class_list":["post-123089","post","type-post","status-publish","format-standard","hentry","category-actualite","category-cameroun"],"_links":{"self":[{"href":"https:\/\/linitiative.ca\/International\/wp-json\/wp\/v2\/posts\/123089","targetHints":{"allow":["GET"]}}],"collection":[{"href":"https:\/\/linitiative.ca\/International\/wp-json\/wp\/v2\/posts"}],"about":[{"href":"https:\/\/linitiative.ca\/International\/wp-json\/wp\/v2\/types\/post"}],"author":[{"embeddable":true,"href":"https:\/\/linitiative.ca\/International\/wp-json\/wp\/v2\/users\/1965"}],"replies":[{"embeddable":true,"href":"https:\/\/linitiative.ca\/International\/wp-json\/wp\/v2\/comments?post=123089"}],"version-history":[{"count":0,"href":"https:\/\/linitiative.ca\/International\/wp-json\/wp\/v2\/posts\/123089\/revisions"}],"wp:attachment":[{"href":"https:\/\/linitiative.ca\/International\/wp-json\/wp\/v2\/media?parent=123089"}],"wp:term":[{"taxonomy":"category","embeddable":true,"href":"https:\/\/linitiative.ca\/International\/wp-json\/wp\/v2\/categories?post=123089"},{"taxonomy":"post_tag","embeddable":true,"href":"https:\/\/linitiative.ca\/International\/wp-json\/wp\/v2\/tags?post=123089"}],"curies":[{"name":"wp","href":"https:\/\/api.w.org\/{rel}","templated":true}]}}