{"id":123091,"date":"2021-08-02T16:18:02","date_gmt":"2021-08-02T20:18:02","guid":{"rendered":"https:\/\/linitiative.ca\/International\/terrorisme-13-soldats-ivoiriens-tues-dans-des-missions-depuis-2020\/"},"modified":"2021-08-02T16:18:02","modified_gmt":"2021-08-02T20:18:02","slug":"terrorisme-13-soldats-ivoiriens-tues-dans-des-missions-depuis-2020","status":"publish","type":"post","link":"https:\/\/linitiative.ca\/International\/terrorisme-13-soldats-ivoiriens-tues-dans-des-missions-depuis-2020\/","title":{"rendered":"Terrorisme: 13 soldats ivoiriens tu\u00e9s dans des missions depuis 2020"},"content":{"rendered":"<div>\n<p><img loading=\"lazy\" decoding=\"async\" width=\"800\" height=\"533\" src=\"https:\/\/linitiative.ca\/International\/wp-content\/uploads\/sites\/23\/2021\/08\/16279354822274.jpg\" class=\"attachment-post-thumbnail size-post-thumbnail wp-post-image\" alt=\"\" srcset=\"https:\/\/linitiative.ca\/International\/wp-content\/uploads\/sites\/23\/2021\/08\/16279354822274.jpg 800w, https:\/\/www.journalducameroun.com\/wp-content\/uploads\/2021\/08\/16279354822274-300x200.jpg 300w, https:\/\/www.journalducameroun.com\/wp-content\/uploads\/2021\/08\/16279354822274-768x512.jpg 768w, https:\/\/www.journalducameroun.com\/wp-content\/uploads\/2021\/08\/16279354822274-660x440.jpg 660w, https:\/\/www.journalducameroun.com\/wp-content\/uploads\/2021\/08\/16279354822274-600x400.jpg 600w\" sizes=\"auto, (max-width: 800px) 100vw, 800px\"><\/p>\n<p>Le chef de l&rsquo;Etat-major g\u00e9n\u00e9ral des arm\u00e9es de C\u00f4te d&rsquo;Ivoire, Lassina Doumbia, a indiqu\u00e9 lundi que 13 soldats ivoiriens ont \u00e9t\u00e9 tu\u00e9s dans des missions nationales et internationales depuis 2020, lors de la c\u00e9l\u00e9bration de la 3e \u00e9dition de la f\u00eate des arm\u00e9es.<\/p>\n<p>\u00ab\u00a0Depuis la derni\u00e8re \u00e9dition de la fete des arm\u00e9es (tenue en 2020), 13 des n\u00f4tres sont tomb\u00e9s au champ d&rsquo;honneur, au cours de missions nationales et internationales contre un ennemi in\u00e9dit\u00a0\u00bb, le terrorisme, a d\u00e9clar\u00e9 le g\u00e9n\u00e9ral Lassina Doumbia. \u00a0<\/p>\n<p>\u00c9num\u00e9rant les op\u00e9rations o\u00f9 l&rsquo;arm\u00e9e ivoirienne a perdu des hommes, il fait savoir que cinq soldats ont \u00e9t\u00e9 tu\u00e9s \u00e0 Tombouctou, au Mali, trois \u00e0 Kafolo et Kolobougou (nord ivoirien) et cinq \u00e0 Tougbo et Togolokaye (nord ivoirien).\u00a0<\/p>\n<p>En 2019, le gouvernement ivoirien a d\u00e9cid\u00e9 de consacrer une journ\u00e9e aux arm\u00e9es, \u00e0 la date anniversaire de leur cr\u00e9ation, le 27 juillet 1960. Elle vise \u00e0 faire le bilan de la d\u00e9fense op\u00e9rationnelle du territoire et de la protection des personnes et des biens.<\/p>\n<p>\u00ab\u00a0Quant \u00e0 la c\u00e9r\u00e9monie de ce jour, elle est d&rsquo;abord celle du souvenir ; elle honorera la m\u00e9moire de nos morts, de tous nos morts, et devrait nous amener \u00e0 nous souvenir des vertus qui \u00e9taient les leurs et du sens du sacrifice qu&rsquo;ils auront consenti\u00a0\u00bb, a dit le g\u00e9n\u00e9ral Lassina Doumbia.<\/p>\n<p>Elle c\u00e9l\u00e8bre aussi \u00ab\u00a0le m\u00e9rite de ceux qui, \u00e0 nos yeux, incarnent au mieux leurs vertus. Quant aux moments de r\u00e9flexion, il s&rsquo;agira de conf\u00e9rences sur les th\u00e9matiques de coh\u00e9sion nationale et de r\u00e9silience face \u00e0 l&rsquo;adversit\u00e9\u00a0\u00bb, a -t-il ajout\u00e9.\u00a0<\/p>\n<p>Le Premier ministre, Patrick Achi, repr\u00e9sentait le chef de l&rsquo;Etat Alassane Ouattara \u00e0 cette f\u00eate des arm\u00e9es, au cours de laquelle, 33 agents issus de la gendarmerie, de la police, des douanes, des affaires maritimes et portuaires ont \u00e9t\u00e9 r\u00e9compens\u00e9s.<\/p>\n<p>L&rsquo;\u00e9dition 2021 a pour th\u00e8me \u00ab\u00a0Solidaires pour une C\u00f4te d&rsquo;Ivoire s\u00e9curis\u00e9e et prosp\u00e8re\u00a0\u00bb. Elle s&rsquo;est d\u00e9roul\u00e9e officiellement \u00e0 la place d&rsquo;armes g\u00e9n\u00e9ral Ouattara Thomas d&rsquo;Aquin de l&rsquo;Etat-major.\u00a0<\/p>\n<p>La c\u00e9l\u00e9bration a \u00e9t\u00e9 marqu\u00e9e par plusieurs activit\u00e9s, entre autres, une op\u00e9ration de don de sang, un don de m\u00e9dicaments et de vivres aux populations notamment affect\u00e9s par les attaques terroristes.\u00a0<\/p>\n<p>Cet article <a rel=\"nofollow\" href=\"https:\/\/www.journalducameroun.com\/terrorisme-13-soldats-ivoiriens-tues-dans-des-missions-depuis-2020\/\">Terrorisme: 13 soldats ivoiriens tu\u00e9s dans des missions depuis 2020<\/a> est apparu en premier sur <a rel=\"nofollow\" href=\"https:\/\/www.journalducameroun.com\/\">Journal du Cameroun<\/a>.<\/p>\n<\/div>\n<p>Auteur: APA News<br \/>\n<a href=\"https:\/\/www.journalducameroun.com\/terrorisme-13-soldats-ivoiriens-tues-dans-des-missions-depuis-2020\/\">Cliquez ici pour lire l&rsquo;article depuis sa source.<\/a><\/p>\n","protected":false},"excerpt":{"rendered":"<p>Le chef de l&rsquo;Etat-major g\u00e9n\u00e9ral des arm\u00e9es de C\u00f4te d&rsquo;Ivoire, Lassina Doumbia, a indiqu\u00e9 lundi que 13 soldats ivoiriens ont \u00e9t\u00e9 tu\u00e9s dans des missions nationales et internationales depuis 2020, lors de la c\u00e9l\u00e9bration de la 3e \u00e9dition de la f\u00eate des arm\u00e9es. \u00ab\u00a0Depuis la derni\u00e8re \u00e9dition de la fete des arm\u00e9es (tenue en 2020), [&hellip;]<\/p>\n","protected":false},"author":1965,"featured_media":0,"comment_status":"closed","ping_status":"closed","sticky":false,"template":"","format":"standard","meta":{"fifu_image_url":"https:\/\/www.journalducameroun.com\/wp-content\/uploads\/2021\/08\/16279354822274.jpg","fifu_image_alt":"Terrorisme: 13 soldats ivoiriens tu\u00e9s dans des missions depuis 2020","footnotes":""},"categories":[73,82],"tags":[],"class_list":["post-123091","post","type-post","status-publish","format-standard","hentry","category-actualite","category-cameroun"],"_links":{"self":[{"href":"https:\/\/linitiative.ca\/International\/wp-json\/wp\/v2\/posts\/123091","targetHints":{"allow":["GET"]}}],"collection":[{"href":"https:\/\/linitiative.ca\/International\/wp-json\/wp\/v2\/posts"}],"about":[{"href":"https:\/\/linitiative.ca\/International\/wp-json\/wp\/v2\/types\/post"}],"author":[{"embeddable":true,"href":"https:\/\/linitiative.ca\/International\/wp-json\/wp\/v2\/users\/1965"}],"replies":[{"embeddable":true,"href":"https:\/\/linitiative.ca\/International\/wp-json\/wp\/v2\/comments?post=123091"}],"version-history":[{"count":0,"href":"https:\/\/linitiative.ca\/International\/wp-json\/wp\/v2\/posts\/123091\/revisions"}],"wp:attachment":[{"href":"https:\/\/linitiative.ca\/International\/wp-json\/wp\/v2\/media?parent=123091"}],"wp:term":[{"taxonomy":"category","embeddable":true,"href":"https:\/\/linitiative.ca\/International\/wp-json\/wp\/v2\/categories?post=123091"},{"taxonomy":"post_tag","embeddable":true,"href":"https:\/\/linitiative.ca\/International\/wp-json\/wp\/v2\/tags?post=123091"}],"curies":[{"name":"wp","href":"https:\/\/api.w.org\/{rel}","templated":true}]}}