{"id":123093,"date":"2021-08-02T10:51:01","date_gmt":"2021-08-02T14:51:01","guid":{"rendered":"https:\/\/linitiative.ca\/International\/cimenteries-le-gouvernement-rappelle-a-lordre-cimencam-et-ses-distributeurs\/"},"modified":"2021-08-02T10:51:01","modified_gmt":"2021-08-02T14:51:01","slug":"cimenteries-le-gouvernement-rappelle-a-lordre-cimencam-et-ses-distributeurs","status":"publish","type":"post","link":"https:\/\/linitiative.ca\/International\/cimenteries-le-gouvernement-rappelle-a-lordre-cimencam-et-ses-distributeurs\/","title":{"rendered":"Cimenteries : le gouvernement rappelle \u00e0 l\u2019ordre Cimencam et ses distributeurs"},"content":{"rendered":"<div>\n<p>Le march\u00e9 des mat\u00e9riaux de construction est en proie depuis quelques mois \u00e0 une inflation caract\u00e9ris\u00e9e par un rench\u00e9rissement des prix du fer, du ciment, des t\u00f4les de couvertures\u2026 une situation entretenue par certains op\u00e9rateurs en l\u2019occurrence ceux du secteur du ciment. Il y en a qui ont unilat\u00e9ralement d\u00e9cid\u00e9 d\u2019une hausse des prix du ciment sans concertations pr\u00e9alables avec les pouvoirs publics, et ce au grand dam des consommateurs qui en ont subi le diktat. Parmi ces op\u00e9rateurs, l\u2019entreprise Cimenteries du Cameroun (Cimencam) a \u00e9t\u00e9 particuli\u00e8rement \u00e9pingl\u00e9e, et accus\u00e9e par le minist\u00e8re du Commerce de vouloir rench\u00e9rir les prix de ses produits.<\/p>\n<p><strong>Lire aussi<\/strong> : <strong><a href=\"https:\/\/ecomatin.net\/cimencam-de-nouveauxx-dirigeantss-pour-le-conseill-dadministration\/\">Cimencam : De nouveaux dirigeants pour le Conseil d\u2019administration<\/a><\/strong><\/p>\n<p>Dans une correspondance adress\u00e9e le 29 juin dernier au Directeur g\u00e9n\u00e9ral de ladite entreprise, Luc Magloire Mbarga Atangana mena\u00e7ait clairement de fermer la structure. \u00ab Monsieur le Directeur g\u00e9n\u00e9ral, j\u2019apprends de diff\u00e9rentes sources que vous vous appr\u00eatez \u00e0 proc\u00e9der \u00e0 une \u00e9ni\u00e8me augmentation unilat\u00e9rale de vos prix, au m\u00e9pris de mes mises en demeure ant\u00e9rieures et de ma main tendue pour une concertation. Je voudrais vous informer par la pr\u00e9sente que si cette mesure que je consid\u00e8re comme de la d\u00e9fiance et de la provocation, venait \u00e0 \u00eatre mise en ex\u00e9cution, je me verrai dans l\u2019obligation d\u2019ordonner la pose des scell\u00e9s sur vos installations \u00bb, mena\u00e7ait le chef du maroquin du Commerce.<\/p>\n<p><strong>Rappel \u00e0 l\u2019ordre<\/strong><\/p>\n<p>Un mois apr\u00e8s ces menaces, le gouvernement a cru bon de convoquer l\u2019entreprise et ses partenaires de la distribution \u00e0 une r\u00e9union de concertation qui a eu lieu mercredi dernier au minist\u00e8re du Commerce. Cette rencontre aux relents de rappel \u00e0 l\u2019ordre visait \u00e0 amener l\u2019entreprise \u00e0 abandonner son projet d\u2019augmentation. A l\u2019occasion, Cimencam, repr\u00e9sent\u00e9e par son directeur g\u00e9n\u00e9ral adjoint No\u00e9 Ikone, et les distributeurs repr\u00e9sent\u00e9s par Mo\u00efse Vokeng, ont sign\u00e9 un communiqu\u00e9 conjoint pour rendre compte des \u00e9changes avec le gouvernement. \u00ab A l\u2019issue de la r\u00e9union de concertation pr\u00e9sid\u00e9e ce mercredi 28 juillet 2021 par monsieur le ministre du Commerce, Cimencam et ses distributeurs de ciment se sont engag\u00e9s \u00e0 l\u2019application des prix au consommateur suivants, en attendant l\u2019aboutissement des n\u00e9gociations engag\u00e9es avec le Gouvernement au sujet des mesures d\u2019accompagnement \u00e0 apporter \u00e0 la fili\u00e8re ciment face \u00e0 la hausse mondiale des cours des mati\u00e8res premi\u00e8res \u00bb, lit-on dans ce document.<\/p>\n<p><strong>Lire aussi<\/strong> : <strong><a href=\"https:\/\/ecomatin.net\/materiaux-de-construction-le-gouvernement-accuse-cimencam-dentretenir-linflation-autour-du-ciment\/\">Mat\u00e9riaux de construction : le gouvernement accuse Cimencam d\u2019entretenir l\u2019inflation autour du ciment<\/a><\/strong><\/p>\n<p>Il d\u00e9coule de l\u2019engagement pris s\u00e9ance tenante que les prix du ciment de Cimencam varient selon les villes. A Yaound\u00e9, ils sont de : ciment multi X (32.5) : 4600F le sac de 50kg ; Ciment Robust (42.5) : 4900 le sac de 50kg ; tandis qu\u2019\u00e0 Douala, Ciment multi X (32.5) ; 4300F le sac de 50kg ; Ciment Robust (42.5) : 4600 le sac de 50kg. Il s\u2019agit en effet des prix usine incluant les co\u00fbts de transport pour ce qui est de Yaound\u00e9, et sans frais de transport pour la ville de Douala o\u00f9 les industries de Cimencam sont install\u00e9es. L\u2019entreprise et ses distributeurs appellent les autres acteurs de la fili\u00e8re \u00e0 ne s\u2019en tenir d\u00e9sormais qu\u2019\u00e0 ces prix, tout en mettant en garde ceux qui ne les respecteront pas.<\/p>\n<p><strong>Lire aussi<\/strong> : <strong><a href=\"https:\/\/ecomatin.net\/cimencam-investit-12-milliard-de-f-pour-la-construction-dune-usine-de-mortier-sec\/\">Cimencam investit 1,2 milliard de F pour la construction d\u2019une usine de mortier sec<\/a><\/strong><\/p>\n<p>Il faut tout de m\u00eame relever que les entreprises du secteur du ciment font face \u00e0 de nombreuses difficult\u00e9s dues \u00e0 la pand\u00e9mie de Coronavirus, et que les prix des mati\u00e8res premi\u00e8res \u00e0 l\u2019importation sont en hausse. Le gouvernement en a conscience mais invite les op\u00e9rateurs \u00e0 resserrer la ceinture le temps d\u2019y trouver des solutions. \u00ab Il fallait que chacun revienne \u00e0 la raison, concernant notamment les prix des mat\u00e9riaux de construction, le ciment, le fer \u00e0 b\u00e9ton et t\u00f4les de couvertures. Les principales conclusions auxquelles nous sommes parvenus, c\u2019est que nous allons ouvrir des discussions de fond pour voir quels types de solutions adapt\u00e9s \u00e0 notre contexte. Il y a des efforts qui doivent \u00eatre faits par des industries elles-m\u00eames. Il peut y avoir une forme d\u2019accompagnement des pouvoirs publics \u00e0 d\u00e9finir. Mais en attendant, nous refusons le fait accompli, qui consiste \u00e0 d\u00e9cider ult\u00e9rieurement comme certains ont cru devoir le faire, de proc\u00e9der \u00e0 une augmentation sans concertations \u00bb, a confi\u00e9 Luc Magloire Mbarga Atangana dans l\u2019hebdomadaire \u00ab Cameroon Business Today \u00bb du mercredi 28 juillet au mardi 3 ao\u00fbt 2021.<\/p>\n<p><strong>Lire aussi<\/strong> : <strong><a href=\"https:\/\/ecomatin.net\/cimencam-et-afriland-first-bank-mettent-sur-pied-la-plateformee-de-paiement-my-cimencam\/\">Cimencam et Afriland first Bank mettent sur pied la plateforme de paiement \u00abMy Cimencam\u00bb<\/a><\/strong><\/p>\n<p>L\u2019article <a rel=\"nofollow\" href=\"https:\/\/ecomatin.net\/cimenteries-le-gouvernement-rappelle-a-lordre-cimencam-et-ses-distributeurs\/\">Cimenteries : le gouvernement rappelle \u00e0 l\u2019ordre Cimencam et ses distributeurs<\/a> est apparu en premier sur <a rel=\"nofollow\" href=\"https:\/\/ecomatin.net\/\">EcoMatin<\/a>.<\/p>\n<\/div>\n<p>Auteur: Yannick KENNE<br \/>\n<a href=\"https:\/\/ecomatin.net\/cimenteries-le-gouvernement-rappelle-a-lordre-cimencam-et-ses-distributeurs\/\">Cliquez ici pour lire l&rsquo;article depuis sa source.<\/a><\/p>\n","protected":false},"excerpt":{"rendered":"<p>Le march\u00e9 des mat\u00e9riaux de construction est en proie depuis quelques mois \u00e0 une inflation caract\u00e9ris\u00e9e par un rench\u00e9rissement des prix du fer, du ciment, des t\u00f4les de couvertures\u2026 une situation entretenue par certains op\u00e9rateurs en l\u2019occurrence ceux du secteur du ciment. Il y en a qui ont unilat\u00e9ralement d\u00e9cid\u00e9 d\u2019une hausse des prix du [&hellip;]<\/p>\n","protected":false},"author":1969,"featured_media":0,"comment_status":"closed","ping_status":"closed","sticky":false,"template":"","format":"standard","meta":{"fifu_image_url":"","fifu_image_alt":"","footnotes":""},"categories":[82,78],"tags":[],"class_list":["post-123093","post","type-post","status-publish","format-standard","hentry","category-cameroun","category-economie"],"_links":{"self":[{"href":"https:\/\/linitiative.ca\/International\/wp-json\/wp\/v2\/posts\/123093","targetHints":{"allow":["GET"]}}],"collection":[{"href":"https:\/\/linitiative.ca\/International\/wp-json\/wp\/v2\/posts"}],"about":[{"href":"https:\/\/linitiative.ca\/International\/wp-json\/wp\/v2\/types\/post"}],"author":[{"embeddable":true,"href":"https:\/\/linitiative.ca\/International\/wp-json\/wp\/v2\/users\/1969"}],"replies":[{"embeddable":true,"href":"https:\/\/linitiative.ca\/International\/wp-json\/wp\/v2\/comments?post=123093"}],"version-history":[{"count":0,"href":"https:\/\/linitiative.ca\/International\/wp-json\/wp\/v2\/posts\/123093\/revisions"}],"wp:attachment":[{"href":"https:\/\/linitiative.ca\/International\/wp-json\/wp\/v2\/media?parent=123093"}],"wp:term":[{"taxonomy":"category","embeddable":true,"href":"https:\/\/linitiative.ca\/International\/wp-json\/wp\/v2\/categories?post=123093"},{"taxonomy":"post_tag","embeddable":true,"href":"https:\/\/linitiative.ca\/International\/wp-json\/wp\/v2\/tags?post=123093"}],"curies":[{"name":"wp","href":"https:\/\/api.w.org\/{rel}","templated":true}]}}