{"id":123095,"date":"2021-08-02T11:45:53","date_gmt":"2021-08-02T15:45:53","guid":{"rendered":"https:\/\/linitiative.ca\/International\/securite-alimentaire-loffice-cerealier-veut-plus-de-financements-pour-garantir-la-disponibilite-des-stocks\/"},"modified":"2021-08-02T11:45:53","modified_gmt":"2021-08-02T15:45:53","slug":"securite-alimentaire-loffice-cerealier-veut-plus-de-financements-pour-garantir-la-disponibilite-des-stocks","status":"publish","type":"post","link":"https:\/\/linitiative.ca\/International\/securite-alimentaire-loffice-cerealier-veut-plus-de-financements-pour-garantir-la-disponibilite-des-stocks\/","title":{"rendered":"S\u00e9curit\u00e9 alimentaire : l\u2019Office C\u00e9r\u00e9alier veut plus de financements pour garantir la disponibilit\u00e9 des stocks"},"content":{"rendered":"<div>\n<p>La consommation des c\u00e9r\u00e9ales fait partie des habitudes alimentaires des populations des trois r\u00e9gions septentrionales du pays, l\u2019Extr\u00eame-Nord, le Nord et l\u2019Adamaoua. Le ma\u00efs, le mil, le riz\u2026, sont parmi les denr\u00e9es les plus pris\u00e9es. Et dans les march\u00e9s du septentrion, on assiste depuis peu \u00e0 une flamb\u00e9e des prix des c\u00e9r\u00e9ales. Le sac de ma\u00efs de 100kg co\u00fbte 18.000F, un sac de mil (100kg) \u00e0 20.000F, un sac de haricot (100kg) \u00e0 50.000F et un sac d\u2019arachides (100kg) entre 43.000 et 45.000F. Ces tendances inflationnistes r\u00e9sultent de ce qu\u2019on qualifie de soudure, cette p\u00e9riode de l\u2019ann\u00e9e pr\u00e9c\u00e9dant les premi\u00e8res r\u00e9coltes et g\u00e9n\u00e9ralement caract\u00e9ris\u00e9e par une p\u00e9nurie des denr\u00e9es sur le march\u00e9. C\u2019est en cela que l\u2019Office C\u00e9r\u00e9alier, une sorte de centrale d\u2019achats charg\u00e9e d\u2019approvisionner les march\u00e9s du septentrion en c\u00e9r\u00e9ales, a entrepris depuis peu, dans son r\u00f4le de r\u00e9gulateur des prix des c\u00e9r\u00e9ales, de mettre sur le march\u00e9 5000 tonnes de c\u00e9r\u00e9ales \u00e0 moindre co\u00fbt dans l\u2019optique d\u2019infl\u00e9chir la courbe, et de pr\u00e9server les populations de la famine.<\/p>\n<p><strong>Lire aussi<\/strong> : <strong><a href=\"https:\/\/ecomatin.net\/consommationn-loffice-cerealierr-injecte-5000-tonness-de-cereales-dans-les-marches-du-nord\/\">Consommation : l\u2019office c\u00e9r\u00e9alier injecte 5000 tonnes de c\u00e9r\u00e9ales dans les march\u00e9s du Nord<\/a><\/strong><\/p>\n<p>\u00ab Chaque ann\u00e9e, au cours des mois de juillet, ao\u00fbt et septembre, il y a une hausse des prix des c\u00e9r\u00e9ales sur le march\u00e9, appel\u00e9e commun\u00e9ment soudure. A ce moment-l\u00e0, nous proc\u00e9dons \u00e0 la rotation technique qui consiste \u00e0 l\u2019approvisionnement des populations en mati\u00e8re de c\u00e9r\u00e9ales \u00e0 moindre co\u00fbt, afin de lutter contre la famine. En cas de changement climatique, le calendrier peut \u00eatre modifi\u00e9. Egalement \u00e0 la demande du gouvernement, il peut arriver que les quantit\u00e9s requises soient mises gracieusement \u00e0 la disposition des populations comme ce fut le cas en 2016, avec le don sp\u00e9cial du chef de l\u2019Etat aux sinistr\u00e9s de l\u2019Extr\u00eame-Nord \u00bb, explique le directeur g\u00e9n\u00e9ral de l\u2019Office C\u00e9r\u00e9alier, Mohamadou Gassimou, dans les colonnes de l\u2019hebdomadaire \u00ab Cameroon Business Today \u00bb du mercredi 28 juillet au mardi 3 ao\u00fbt 2021.<\/p>\n<p><strong>Financements insuffisants<\/strong><\/p>\n<p>Apr\u00e8s cette phase de d\u00e9stockage, l\u2019Office va devoir se servir des ressources g\u00e9n\u00e9r\u00e9es par la campagne d\u2019\u00e9coulement actuelle, pour se ravitailler \u00e0 nouveau en perspective \u00e0 d\u2019\u00e9ventuelles p\u00e9nuries sur le march\u00e9. Seulement, ces ressources s\u2019av\u00e8rent insuffisantes et l\u2019Office en redemande davantage pour assurer sa capacit\u00e9 de stockage qui est de 47.650 tonnes de c\u00e9r\u00e9ales. \u00ab L\u2019Office C\u00e9r\u00e9alier est un \u00e9tablissement public qui ne fonctionne qu\u2019avec la subvention de l\u2019Etat gr\u00e2ce aux minist\u00e8res de tutelle que sont le minist\u00e8re en charge des Finances, et celui de l\u2019Agriculture. Les fonds allou\u00e9s s\u2019av\u00e8rent insuffisants pour couvrir la demande de toutes les trois r\u00e9gions septentrionales. En effet, la capacit\u00e9 de l\u2019Office c\u00e9r\u00e9alier est de 47 650 tonnes, mais nous sommes actuellement en de\u00e7\u00e0 de cette capacit\u00e9. Nous attendons de notre hi\u00e9rarchie un appui substantiel et cela a d\u2019ailleurs \u00e9t\u00e9 promis \u00bb, plaide le Dg Gassimou.<\/p>\n<p><strong>Lire aussi<\/strong> : <strong><a href=\"https:\/\/ecomatin.net\/securite-alimentaire-loffice-cerealierr-en-quete-de-financementss-pour-se-ravitailler-a-la-semry\/\">S\u00e9curit\u00e9 alimentaire : l\u2019Office C\u00e9r\u00e9alier en qu\u00eate de financements pour se ravitailler \u00e0 la Semry<\/a><\/strong><\/p>\n<p>L\u2019Office C\u00e9r\u00e9alier est confront\u00e9 \u00e0 d\u2019\u00e9normes d\u00e9fis structurels, mais ne dispose malheureusement pas du m\u00eame confort financier que d\u2019autres soci\u00e9t\u00e9s de souverainet\u00e9. Il ne jouit pas d\u2019une autonomie financi\u00e8re pouvant lui permettre de planifier ses activit\u00e9s. Pour engager des investissements par exemple, il doit s\u2019en remettre \u00e0 sa tutelle technique qui est le minist\u00e8re de l\u2019Agriculture et du D\u00e9veloppement Rural (Minader), et pour s\u2019approvisionner en denr\u00e9es, au minist\u00e8re des Finances (Minfi), qui est sa tutelle administrative. Aussi, le nouveau Dg dans sa clairvoyance a entrepris d\u2019initier des dossiers d\u2019aide de financements aupr\u00e8s de quelques bailleurs de fonds \u00e9trangers, notamment la Banque islamique de d\u00e9veloppement (BID) et le Fonds europ\u00e9en de d\u00e9veloppement (FED), \u00e0 l\u2019effet d\u2019obtenir des fonds n\u00e9cessaires pour l\u2019approvisionnement de l\u2019office. Le budget de la soci\u00e9t\u00e9 au titre de l\u2019exercice 2021 a \u00e9t\u00e9 quasiment doubl\u00e9 et se chiffre \u00e0 4,3 milliards de Fcfa.<\/p>\n<p><strong>Lire aussi<\/strong> : <strong><a href=\"https:\/\/ecomatin.net\/4309-milliards-de-fcfa-pour-loffice-cerealier-en-2021\/\">4,309 milliards de Fcfa pour l\u2019Office c\u00e9r\u00e9alier en 2021<\/a><\/strong><\/p>\n<p>L\u2019article <a rel=\"nofollow\" href=\"https:\/\/ecomatin.net\/securite-alimentaire-loffice-cerealier-veut-plus-de-financements-pour-garantir-la-disponibilite-des-stocks\/\">S\u00e9curit\u00e9 alimentaire : l\u2019Office C\u00e9r\u00e9alier veut plus de financements pour garantir la disponibilit\u00e9 des stocks<\/a> est apparu en premier sur <a rel=\"nofollow\" href=\"https:\/\/ecomatin.net\/\">EcoMatin<\/a>.<\/p>\n<\/div>\n<p>Auteur: Yannick KENNE<br \/>\n<a href=\"https:\/\/ecomatin.net\/securite-alimentaire-loffice-cerealier-veut-plus-de-financements-pour-garantir-la-disponibilite-des-stocks\/\">Cliquez ici pour lire l&rsquo;article depuis sa source.<\/a><\/p>\n","protected":false},"excerpt":{"rendered":"<p>La consommation des c\u00e9r\u00e9ales fait partie des habitudes alimentaires des populations des trois r\u00e9gions septentrionales du pays, l\u2019Extr\u00eame-Nord, le Nord et l\u2019Adamaoua. Le ma\u00efs, le mil, le riz\u2026, sont parmi les denr\u00e9es les plus pris\u00e9es. Et dans les march\u00e9s du septentrion, on assiste depuis peu \u00e0 une flamb\u00e9e des prix des c\u00e9r\u00e9ales. Le sac de [&hellip;]<\/p>\n","protected":false},"author":1969,"featured_media":0,"comment_status":"closed","ping_status":"closed","sticky":false,"template":"","format":"standard","meta":{"fifu_image_url":"","fifu_image_alt":"","footnotes":""},"categories":[82,78],"tags":[],"class_list":["post-123095","post","type-post","status-publish","format-standard","hentry","category-cameroun","category-economie"],"_links":{"self":[{"href":"https:\/\/linitiative.ca\/International\/wp-json\/wp\/v2\/posts\/123095","targetHints":{"allow":["GET"]}}],"collection":[{"href":"https:\/\/linitiative.ca\/International\/wp-json\/wp\/v2\/posts"}],"about":[{"href":"https:\/\/linitiative.ca\/International\/wp-json\/wp\/v2\/types\/post"}],"author":[{"embeddable":true,"href":"https:\/\/linitiative.ca\/International\/wp-json\/wp\/v2\/users\/1969"}],"replies":[{"embeddable":true,"href":"https:\/\/linitiative.ca\/International\/wp-json\/wp\/v2\/comments?post=123095"}],"version-history":[{"count":0,"href":"https:\/\/linitiative.ca\/International\/wp-json\/wp\/v2\/posts\/123095\/revisions"}],"wp:attachment":[{"href":"https:\/\/linitiative.ca\/International\/wp-json\/wp\/v2\/media?parent=123095"}],"wp:term":[{"taxonomy":"category","embeddable":true,"href":"https:\/\/linitiative.ca\/International\/wp-json\/wp\/v2\/categories?post=123095"},{"taxonomy":"post_tag","embeddable":true,"href":"https:\/\/linitiative.ca\/International\/wp-json\/wp\/v2\/tags?post=123095"}],"curies":[{"name":"wp","href":"https:\/\/api.w.org\/{rel}","templated":true}]}}