{"id":123097,"date":"2021-08-02T15:46:18","date_gmt":"2021-08-02T19:46:18","guid":{"rendered":"https:\/\/linitiative.ca\/International\/standard-chartered-bank-ce-quil-faut-retenir-de-la-visite-de-mandela-otaru-au-cameroun\/"},"modified":"2021-08-02T15:46:18","modified_gmt":"2021-08-02T19:46:18","slug":"standard-chartered-bank-ce-quil-faut-retenir-de-la-visite-de-mandela-otaru-au-cameroun","status":"publish","type":"post","link":"https:\/\/linitiative.ca\/International\/standard-chartered-bank-ce-quil-faut-retenir-de-la-visite-de-mandela-otaru-au-cameroun\/","title":{"rendered":"Standard chartered bank : ce qu\u2019il faut retenir de la visite de Mandela Otaru au Cameroun"},"content":{"rendered":"<div>\n<p>C\u2019est le lundi 26 juillet dernier que le responsable du cr\u00e9dit de Standard Chartered Bank pour le Nigeria et l\u2019Afrique de l\u2019Ouest a d\u00e9pos\u00e9 ses valises \u00e0 Douala, pour une visite de travail. Pendant 5 jours, Mandela Otaru a tenu des rencontres strat\u00e9giques avec la direction, les personnels et quelques clients de la filiale camerounaise du groupe bancaire britannique. Rencontres strat\u00e9giques qui t\u00e9moignent de la volont\u00e9 de la banque d\u2019\u00e9largir son portefeuille de cr\u00e9dits. Ce, dans le domaine de la banque d\u2019entreprise et institutionnelle au Cameroun. Elle ambitionne \u00e9galement de cr\u00e9er continuellement des cha\u00eenes de valeur qui stimulent le commerce, les \u00e9changes et les investissements internationaux dans ce segment important qui est essentiel au d\u00e9veloppement du pays. En tant que la personne la plus haut plac\u00e9e \u00e0 la t\u00eate de la cha\u00eene d\u2019approbation des cr\u00e9dits en Afrique de l\u2019Ouest, Mandela Otaru est un banquier chevronn\u00e9 qui poss\u00e8de une connaissance approfondie de la finance, de la strat\u00e9gie et de la gestion du risque de cr\u00e9dit, acquise au cours de ses 19 ann\u00e9es d\u2019exp\u00e9rience sur plusieurs march\u00e9s, notamment au Nigeria, en Afrique du Sud et \u00e0 Singapour. Il travaille \u00e0 la Standard Chartered Bank depuis 2006.<\/p>\n<p><strong>Lire aussi<\/strong> : <strong><a href=\"https:\/\/ecomatin.net\/idrissa-kamara-nouveau-directeur-general-de-standard-chartered-bank-cameroon\/\">Qui est Idrissa Kamara, le nouveau Directeur g\u00e9n\u00e9ral de Standard Chartered Bank Cameroon<\/a><\/strong><\/p>\n<p>\u00ab\u00a0La Standard Chartered Bank reste engag\u00e9e envers le gouvernement et le peuple camerounais et continuera \u00e0 tirer parti de nos capacit\u00e9s au niveau du cluster, de la r\u00e9gion et du monde pour contribuer positivement \u00e0 la croissance socio-\u00e9conomique du Cameroun\u00a0\u00bb a comment\u00e9 Idrissa Kamara le DG de Standard Chartered bank Cameroon.<\/p>\n<p>Standard Chartered exerce ses activit\u00e9s au Cameroun depuis 1986. Les services aux particuliers occupaient d\u00e9j\u00e0 la portion congrue de son activit\u00e9. Si l\u2019on s\u2019en tient aux donn\u00e9es fournies par la Banque des \u00c9tats de l\u2019Afrique centrale, les d\u00e9p\u00f4ts des particuliers \u00e0 la Standard Chartered Cameroon au mois de f\u00e9vrier 2021 sont \u00e9valu\u00e9s \u00e0 10,05 milliards de FCFA. Ce qui est de moindre envergure si l\u2019on compare par exemple avec Afriland First Bank (584,65 milliards) ; Bicec (318,9 milliards) ; Soci\u00e9t\u00e9 G\u00e9n\u00e9rale (295,6 milliards) ou la SCB (218,9 milliards).<\/p>\n<p><strong>Lire aussi<\/strong> : <strong><a href=\"https:\/\/ecomatin.net\/projet-nachtigal-letat-donne-des-garanties-a-scb-et-standard-chartered-bank\/\">Projet Nachtigal : L\u2019Etat donne des garanties \u00e0 SCB et Standard Chartered Bank<\/a><\/strong><\/p>\n<p>L\u2019article <a rel=\"nofollow\" href=\"https:\/\/ecomatin.net\/standard-chartered-bank-ce-quil-faut-retenir-de-la-visite-de-mandela-otaru-au-cameroun\/\">Standard chartered bank : ce qu\u2019il faut retenir de la visite de Mandela Otaru au Cameroun<\/a> est apparu en premier sur <a rel=\"nofollow\" href=\"https:\/\/ecomatin.net\/\">EcoMatin<\/a>.<\/p>\n<\/div>\n<p>Auteur: Cedrick JIONGO<br \/>\n<a href=\"https:\/\/ecomatin.net\/standard-chartered-bank-ce-quil-faut-retenir-de-la-visite-de-mandela-otaru-au-cameroun\/\">Cliquez ici pour lire l&rsquo;article depuis sa source.<\/a><\/p>\n","protected":false},"excerpt":{"rendered":"<p>C\u2019est le lundi 26 juillet dernier que le responsable du cr\u00e9dit de Standard Chartered Bank pour le Nigeria et l\u2019Afrique de l\u2019Ouest a d\u00e9pos\u00e9 ses valises \u00e0 Douala, pour une visite de travail. Pendant 5 jours, Mandela Otaru a tenu des rencontres strat\u00e9giques avec la direction, les personnels et quelques clients de la filiale camerounaise [&hellip;]<\/p>\n","protected":false},"author":1969,"featured_media":0,"comment_status":"closed","ping_status":"closed","sticky":false,"template":"","format":"standard","meta":{"fifu_image_url":"","fifu_image_alt":"","footnotes":""},"categories":[82,78],"tags":[],"class_list":["post-123097","post","type-post","status-publish","format-standard","hentry","category-cameroun","category-economie"],"_links":{"self":[{"href":"https:\/\/linitiative.ca\/International\/wp-json\/wp\/v2\/posts\/123097","targetHints":{"allow":["GET"]}}],"collection":[{"href":"https:\/\/linitiative.ca\/International\/wp-json\/wp\/v2\/posts"}],"about":[{"href":"https:\/\/linitiative.ca\/International\/wp-json\/wp\/v2\/types\/post"}],"author":[{"embeddable":true,"href":"https:\/\/linitiative.ca\/International\/wp-json\/wp\/v2\/users\/1969"}],"replies":[{"embeddable":true,"href":"https:\/\/linitiative.ca\/International\/wp-json\/wp\/v2\/comments?post=123097"}],"version-history":[{"count":0,"href":"https:\/\/linitiative.ca\/International\/wp-json\/wp\/v2\/posts\/123097\/revisions"}],"wp:attachment":[{"href":"https:\/\/linitiative.ca\/International\/wp-json\/wp\/v2\/media?parent=123097"}],"wp:term":[{"taxonomy":"category","embeddable":true,"href":"https:\/\/linitiative.ca\/International\/wp-json\/wp\/v2\/categories?post=123097"},{"taxonomy":"post_tag","embeddable":true,"href":"https:\/\/linitiative.ca\/International\/wp-json\/wp\/v2\/tags?post=123097"}],"curies":[{"name":"wp","href":"https:\/\/api.w.org\/{rel}","templated":true}]}}