{"id":123102,"date":"2021-08-03T10:00:57","date_gmt":"2021-08-03T14:00:57","guid":{"rendered":"https:\/\/linitiative.ca\/International\/enseignement-superieur-luniversite-mohammed-v-de-rabat-adepte-de-partenariats-public-prive\/"},"modified":"2021-08-03T10:00:57","modified_gmt":"2021-08-03T14:00:57","slug":"enseignement-superieur-luniversite-mohammed-v-de-rabat-adepte-de-partenariats-public-prive","status":"publish","type":"post","link":"https:\/\/linitiative.ca\/International\/enseignement-superieur-luniversite-mohammed-v-de-rabat-adepte-de-partenariats-public-prive\/","title":{"rendered":"Enseignement sup\u00e9rieur  : L\u2019universit\u00e9 Mohammed V de Rabat adepte de partenariats public\/priv\u00e9"},"content":{"rendered":"<div>\n<p><img decoding=\"async\" width=\"300\" height=\"153\" src=\"https:\/\/linitiative.ca\/International\/wp-content\/uploads\/sites\/23\/2021\/08\/Med-V-Rabat-300x153-1.jpg\" class=\"attachment-medium size-medium wp-post-image\" alt=\"\" loading=\"lazy\" srcset=\"\/\/aujourdhui.ma\/wp-content\/uploads\/2021\/08\/Med-V-Rabat-300x153.jpg 300w, \/\/aujourdhui.ma\/wp-content\/uploads\/2021\/08\/Med-V-Rabat-274x140.jpg 274w, \/\/aujourdhui.ma\/wp-content\/uploads\/2021\/08\/Med-V-Rabat.jpg 746w, \/\/aujourdhui.ma\/wp-content\/uploads\/2021\/08\/Med-V-Rabat-165x84.jpg 165w, \/\/aujourdhui.ma\/wp-content\/uploads\/2021\/08\/Med-V-Rabat-702x358.jpg 702w\" sizes=\"auto, (max-width: 300px) 100vw, 300px\"><\/p>\n<p><span style=\"color: #800000;\"><strong>Quatre conventions de partenariat ont \u00e9t\u00e9 en effet scell\u00e9es par l\u2019universit\u00e9 Mohammed V de Rabat.<\/strong><\/span><span id=\"more-383215\"><\/span><\/p>\n<p>L\u2019objectif \u00e9tant de favoriser des partenariats entre le secteur public\/priv\u00e9. Le d\u00e9veloppement acad\u00e9mique, la recherche scientifique, l\u2019innovation, la promotion de la formation et l\u2019\u00e9change de connaissances scientifiques et techniques sont autant d\u2019axes faisant le lien entre les deux secteurs\u2026Deux conventions ont \u00e9t\u00e9 sign\u00e9es avec le Centre Sijalmasa pour les Etudes et les Recherches Audiovisuelles. Elles visent la r\u00e9alisation d\u2019activit\u00e9s de recherche-d\u00e9veloppement en domaine de l\u2019audiovisuel. Au c\u0153ur des priorit\u00e9s, l\u2019\u00e9change d\u2019exp\u00e9rience et de savoir-faire, la r\u00e9alisation d\u2019actions de formation et d\u2019expertise ainsi que la mise en place d\u2019ateliers de formation aux m\u00e9tiers du secteur audiovisuel destin\u00e9s aux \u00e9tudiants de l\u2019UM5.<\/p>\n<p>Concr\u00e8tement, des cin\u00e9-clubs seront mis en place dans les treize \u00e9tablissements accueillant des \u00e9tudiants. Et ces structures seront rattach\u00e9es \u00e0 la f\u00e9d\u00e9ration d\u2019Afrique des cin\u00e9-clubs universitaires. La convention porte sur l\u2019\u00e9change de documentation et des publications \u00e0 caract\u00e8re scientifique ou technique, la participation et la projection des films en comp\u00e9tition internationale (courts et longs m\u00e9trages) et l\u2019organisation de panorama du cin\u00e9ma national, etc. Une convention cadre a \u00e9t\u00e9 sign\u00e9e, par ailleurs, avec l\u2019Association Al Manar. Les deux parties s\u2019engagent \u00e0 coop\u00e9rer, principalement, pour la mise en place de la formation en double diplomation, l\u2019\u00e9change de documents et d\u2019\u00e9quipements scientifiques \u00e0 des fins de recherche, l\u2019organisation conjointe de missions, les stages, les s\u00e9minaires, les colloques, les manifestations scientifiques et la collaboration \u00e0 des projets de recherche sur des th\u00e8mes communs.<\/p>\n<p>Une autre convention a \u00e9t\u00e9 sign\u00e9e avec l\u2019Association de l\u2019Union Nationale du Parapente au Maroc. La r\u00e9alisation d\u2019activit\u00e9s de R&amp;D dans le domaine de la pratique de l\u2019activit\u00e9 parapente, l\u2019\u00e9change d\u2019exp\u00e9rience et de savoir-faire et l\u2019accueil des pratiquants de parapente stagiaires sont autant de domaines que pourront d\u00e9velopper les deux acteurs.<\/p>\n<\/div>\n<p>Auteur: ALM<br \/>\n<a href=\"https:\/\/aujourdhui.ma\/emploi\/enseignement-superieur-luniversite-mohammed-v-de-rabat-adepte-de-partenariats-public-prive\">Cliquez ici pour lire l&rsquo;article depuis sa source.<\/a><\/p>\n","protected":false},"excerpt":{"rendered":"<p>Quatre conventions de partenariat ont \u00e9t\u00e9 en effet scell\u00e9es par l\u2019universit\u00e9 Mohammed V de Rabat. L\u2019objectif \u00e9tant de favoriser des partenariats entre le secteur public\/priv\u00e9. Le d\u00e9veloppement acad\u00e9mique, la recherche scientifique, l\u2019innovation, la promotion de la formation et l\u2019\u00e9change de connaissances scientifiques et techniques sont autant d\u2019axes faisant le lien entre les deux secteurs\u2026Deux conventions [&hellip;]<\/p>\n","protected":false},"author":1759,"featured_media":0,"comment_status":"closed","ping_status":"closed","sticky":false,"template":"","format":"standard","meta":{"fifu_image_url":"https:\/\/aujourdhui.ma\/wp-content\/uploads\/2021\/08\/Med-V-Rabat-300x153.jpg","fifu_image_alt":"Enseignement sup\u00e9rieur  : L\u2019universit\u00e9 Mohammed V de Rabat adepte de partenariats public\/priv\u00e9","footnotes":""},"categories":[73,54],"tags":[],"class_list":["post-123102","post","type-post","status-publish","format-standard","hentry","category-actualite","category-maroc"],"_links":{"self":[{"href":"https:\/\/linitiative.ca\/International\/wp-json\/wp\/v2\/posts\/123102","targetHints":{"allow":["GET"]}}],"collection":[{"href":"https:\/\/linitiative.ca\/International\/wp-json\/wp\/v2\/posts"}],"about":[{"href":"https:\/\/linitiative.ca\/International\/wp-json\/wp\/v2\/types\/post"}],"author":[{"embeddable":true,"href":"https:\/\/linitiative.ca\/International\/wp-json\/wp\/v2\/users\/1759"}],"replies":[{"embeddable":true,"href":"https:\/\/linitiative.ca\/International\/wp-json\/wp\/v2\/comments?post=123102"}],"version-history":[{"count":0,"href":"https:\/\/linitiative.ca\/International\/wp-json\/wp\/v2\/posts\/123102\/revisions"}],"wp:attachment":[{"href":"https:\/\/linitiative.ca\/International\/wp-json\/wp\/v2\/media?parent=123102"}],"wp:term":[{"taxonomy":"category","embeddable":true,"href":"https:\/\/linitiative.ca\/International\/wp-json\/wp\/v2\/categories?post=123102"},{"taxonomy":"post_tag","embeddable":true,"href":"https:\/\/linitiative.ca\/International\/wp-json\/wp\/v2\/tags?post=123102"}],"curies":[{"name":"wp","href":"https:\/\/api.w.org\/{rel}","templated":true}]}}