{"id":123104,"date":"2021-08-03T11:00:44","date_gmt":"2021-08-03T15:00:44","guid":{"rendered":"https:\/\/linitiative.ca\/International\/fatima-regragui-premiere-actrice-a-se-produire-sur-les-planches-des-15-ans\/"},"modified":"2021-08-03T11:00:44","modified_gmt":"2021-08-03T15:00:44","slug":"fatima-regragui-premiere-actrice-a-se-produire-sur-les-planches-des-15-ans","status":"publish","type":"post","link":"https:\/\/linitiative.ca\/International\/fatima-regragui-premiere-actrice-a-se-produire-sur-les-planches-des-15-ans\/","title":{"rendered":"Fatima Regragui, premi\u00e8re actrice \u00e0 se produire sur les planches d\u00e8s 15 ans"},"content":{"rendered":"<div>\n<p><img decoding=\"async\" width=\"300\" height=\"153\" src=\"https:\/\/linitiative.ca\/International\/wp-content\/uploads\/sites\/23\/2021\/08\/Fatima-Regragui-1-300x153-1.jpg\" class=\"attachment-medium size-medium wp-post-image\" alt=\"\" loading=\"lazy\" srcset=\"\/\/aujourdhui.ma\/wp-content\/uploads\/2021\/08\/Fatima-Regragui-1-300x153.jpg 300w, \/\/aujourdhui.ma\/wp-content\/uploads\/2021\/08\/Fatima-Regragui-1-274x140.jpg 274w, \/\/aujourdhui.ma\/wp-content\/uploads\/2021\/08\/Fatima-Regragui-1.jpg 746w, \/\/aujourdhui.ma\/wp-content\/uploads\/2021\/08\/Fatima-Regragui-1-165x84.jpg 165w, \/\/aujourdhui.ma\/wp-content\/uploads\/2021\/08\/Fatima-Regragui-1-702x358.jpg 702w\" sizes=\"auto, (max-width: 300px) 100vw, 300px\"><\/p>\n<p><span style=\"color: #800000; font-size: 19px;\"><strong>T\u00e9moignage de Salah Eddine Benmoussa<\/strong><\/span><span id=\"more-383223\"><\/span><\/p>\n<p>Savoir qu\u2019un artiste est toujours en vie, malgr\u00e9 sa maladie, est r\u00e9jouissant, mais apprendre sa mort dans un \u00e9tat de sant\u00e9 d\u00e9t\u00e9rior\u00e9 est assez d\u00e9solant voire attristant. La star, Fatima Regragui, d\u00e9c\u00e9d\u00e9e, lundi, a h\u00e9las souffert de la perte de vue avant de partir \u00e0 l\u2019au-del\u00e0. Une nouvelle qui attriste fort le public marocain qui a appr\u00e9ci\u00e9 ses performances et les artistes comme, entre autres, Salah Eddine Benmoussa, fin connaisseur du parcours de la d\u00e9funte. \u00abC\u2019\u00e9tait la premi\u00e8re actrice professionnelle en th\u00e9\u00e2tre d\u00e8s l\u2019\u00e2ge de 15 ans\u00bb, remonte- t-il le temps. Ainsi, elle s\u2019est produite avec les v\u00e9t\u00e9rans du th\u00e9\u00e2tre dans le cadre de la troupe de la jeunesse et des sports, devenue la troupe nationale du temps de Mohamed Afifi, Mohamed Tayeb La\u00e2lej, Tayeb Seddiki, Ahmed El Alaoui. \u00abPour Mohamed Afifi, il n\u2019y avait pas mieux que Fatima Regragui pour interpr\u00e9ter un r\u00f4le dans la pi\u00e8ce de th\u00e9\u00e2tre \u00abHamlet et Ota\u00efl\u00bb\u00bb, r\u00e9v\u00e8le l\u2019acteur. M. Benmoussa rappelle \u00e9galement que cette oeuvre est un chef-d\u2019oeuvre du th\u00e9\u00e2tre marocain. Et ce n\u2019est pas tout ! \u00abCette actrice \u00e9tait excellente en prononciation de la langue arabe classique.<\/p>\n<p>De plus, elle n\u2019entrait pas en comp\u00e9tition pour obtenir ses r\u00f4les surtout quand elle a rejoint la troupe du th\u00e9\u00e2tre national apr\u00e8s sa grande exp\u00e9rience dans la troupe nationale. Elle connaissait plut\u00f4t sa valeur\u00bb, exalte-t-il \u00e0 propos de la regrett\u00e9e. Pour lui, la d\u00e9funte n\u2019entrait non plus en comp\u00e9tition pour avoir un r\u00f4le dans les sitcoms. \u00abSa derni\u00e8re oeuvre diffus\u00e9e sur la t\u00e9l\u00e9vision \u00e9tait le film \u00abYemma\u00bb (Maman) de Hassan Benjelloun. Son r\u00f4le \u00e9tait tr\u00e8s touchant\u00bb, s\u2019exprime M. Benmoussa. Il a, d\u2019ailleurs, particip\u00e9 avec elle dans cette oeuvre aux c\u00f4t\u00e9s d\u2019autres artistes. \u00abElle \u00e9tait la premi\u00e8re actrice \u00e0 s\u2019afficher dans la publicit\u00e9 de par son charme \u00e0 l\u2019\u00e9poque. Elle a figur\u00e9, en tenue traditionnelle marocaine, dans des cartes postales mettant en valeur le Royaume\u00bb, raconte l\u2019acteur qui \u00e9voque les r\u00f4les de la regrett\u00e9e dans des pi\u00e8ces de th\u00e9\u00e2tre. Ainsi, elle a particip\u00e9 dans \u00abWali Allah\u00bb (L\u2019adepte de Dieu), \u00abFdouliates\u00bb (Curieuses) et avec Mohamed El Jem dans plusieurs pi\u00e8ces aux c\u00f4t\u00e9s de Ahmed et Malika Omari. \u00abQuand je l\u2019ai rencontr\u00e9e lors du tournage de \u00abYemma\u00bb, elle m\u2019a appris qu\u2019elle ne voyait plus bien, je lui ai recommand\u00e9 de suivre une th\u00e9rapie\u00bb, se souvient-il. Malheureusement, son \u00e9tat s\u2019est, comme il l\u2019indique, d\u00e9t\u00e9rior\u00e9 et elle s\u2019est quasiment retir\u00e9e de la sc\u00e8ne. En cin\u00e9ma, l\u2019artiste disparue doit sa premi\u00e8re exp\u00e9rience \u00e0 Ahmed Tayeb La\u00e2lej et tayeb Seddiki. \u00abAvec des r\u00e9alisateurs fran\u00e7ais, ils ont tourn\u00e9 des oeuvres humoristiques \u00e9poustouflantes \u00bb, ajoute M. Benmoussa. Tel qu\u2019il le pr\u00e9cise, elle a \u00e9galement particip\u00e9 \u00e0 des oeuvres \u00e9trang\u00e8res.<\/p>\n<p>\u00abElle \u00e9tait photog\u00e9nique. Elle avait toutes les composantes de l\u2019acting marocain\u00bb, s\u2019enthousiaste l\u2019acteur. Cet artiste se rem\u00e9more aussi que la disparue a aussi jou\u00e9 dans les c\u00e9l\u00e9brissimes th\u00e9\u00e2tres en France. \u00abElle s\u2019est produite sur les planches du th\u00e9\u00e2tre Sarah-Bernhardt \u00e0 Paris avec la troupe nationale dans la pi\u00e8ce \u00abMrid Khatrou\u00bb (Malade \u00e0 sa guise) de Abdessamad Kenfaoui en 1958. Elle a m\u00eame r\u00e9colt\u00e9 des prix avec cette performance.<\/p>\n<p>De son c\u00f4t\u00e9, la presse fran\u00e7aise avait indiqu\u00e9 \u00e0 ce propos : \u00abC\u2019est comme si Moli\u00e8re avait \u00e9crit pour les Marocains\u00bb\u00bb, avance-t-il. Pour lui, la d\u00e9funte m\u00e9rite tous les \u00e9loges. Et il n\u2019y a pas visiblement de meilleur t\u00e9moignage \u00e0 propos de la regrett\u00e9e que celui de cet artiste chevronn\u00e9.<\/p>\n<\/div>\n<p>Auteur: Salima Guisser<br \/>\n<a href=\"https:\/\/aujourdhui.ma\/culture\/fatima-regragui-premiere-actrice-a-se-produire-sur-les-planches-des-15-ans\">Cliquez ici pour lire l&rsquo;article depuis sa source.<\/a><\/p>\n","protected":false},"excerpt":{"rendered":"<p>T\u00e9moignage de Salah Eddine Benmoussa Savoir qu\u2019un artiste est toujours en vie, malgr\u00e9 sa maladie, est r\u00e9jouissant, mais apprendre sa mort dans un \u00e9tat de sant\u00e9 d\u00e9t\u00e9rior\u00e9 est assez d\u00e9solant voire attristant. La star, Fatima Regragui, d\u00e9c\u00e9d\u00e9e, lundi, a h\u00e9las souffert de la perte de vue avant de partir \u00e0 l\u2019au-del\u00e0. Une nouvelle qui attriste [&hellip;]<\/p>\n","protected":false},"author":1759,"featured_media":0,"comment_status":"closed","ping_status":"closed","sticky":false,"template":"","format":"standard","meta":{"fifu_image_url":"https:\/\/aujourdhui.ma\/wp-content\/uploads\/2021\/08\/Fatima-Regragui-1-300x153.jpg","fifu_image_alt":"Fatima Regragui, premi\u00e8re actrice \u00e0 se produire sur les planches d\u00e8s 15 ans","footnotes":""},"categories":[73,54],"tags":[],"class_list":["post-123104","post","type-post","status-publish","format-standard","hentry","category-actualite","category-maroc"],"_links":{"self":[{"href":"https:\/\/linitiative.ca\/International\/wp-json\/wp\/v2\/posts\/123104","targetHints":{"allow":["GET"]}}],"collection":[{"href":"https:\/\/linitiative.ca\/International\/wp-json\/wp\/v2\/posts"}],"about":[{"href":"https:\/\/linitiative.ca\/International\/wp-json\/wp\/v2\/types\/post"}],"author":[{"embeddable":true,"href":"https:\/\/linitiative.ca\/International\/wp-json\/wp\/v2\/users\/1759"}],"replies":[{"embeddable":true,"href":"https:\/\/linitiative.ca\/International\/wp-json\/wp\/v2\/comments?post=123104"}],"version-history":[{"count":0,"href":"https:\/\/linitiative.ca\/International\/wp-json\/wp\/v2\/posts\/123104\/revisions"}],"wp:attachment":[{"href":"https:\/\/linitiative.ca\/International\/wp-json\/wp\/v2\/media?parent=123104"}],"wp:term":[{"taxonomy":"category","embeddable":true,"href":"https:\/\/linitiative.ca\/International\/wp-json\/wp\/v2\/categories?post=123104"},{"taxonomy":"post_tag","embeddable":true,"href":"https:\/\/linitiative.ca\/International\/wp-json\/wp\/v2\/tags?post=123104"}],"curies":[{"name":"wp","href":"https:\/\/api.w.org\/{rel}","templated":true}]}}