{"id":123115,"date":"2021-08-02T14:00:00","date_gmt":"2021-08-02T18:00:00","guid":{"rendered":"https:\/\/linitiative.ca\/International\/jo-2020-el-bakkali-offre-au-maroc-lor-olympique\/"},"modified":"2021-08-02T14:00:00","modified_gmt":"2021-08-02T18:00:00","slug":"jo-2020-el-bakkali-offre-au-maroc-lor-olympique","status":"publish","type":"post","link":"https:\/\/linitiative.ca\/International\/jo-2020-el-bakkali-offre-au-maroc-lor-olympique\/","title":{"rendered":"JO-2020 : El Bakkali offre au Maroc l\u2019Or olympique"},"content":{"rendered":"<div>\n<p class=\"has-text-align-center has-vivid-red-color has-text-color\"><strong>Apr\u00e8s une absence de 17 ans<\/strong><\/p>\n<p class=\"has-black-color has-text-color\"><strong>Enfin, le Maroc a retrouv\u00e9 l\u2019or l\u2019olympique aux JO 2020 de Tokyo apr\u00e8s une absence qui n\u2019a que trop dur\u00e9, depuis la double m\u00e9daille d\u2019or de Hicham El Guerrouj (1500 m et 5000 m) aux Olympiades d\u2019Ath\u00e8nes en 2004.<\/strong><\/p>\n<p class=\"has-black-color has-text-color\">Soufiane El Bakkali a \u00e9t\u00e9 sacr\u00e9 champion olympique du 3.000 m steeple, lundi \u00e0 Tokyo, devenant le premier Marocain m\u00e9daill\u00e9 d\u2019or aux Jeux tous sports confondus depuis Hicham El Guerrouj en 2004.<\/p>\n<p class=\"has-black-color has-text-color\">El Bakkali (25 ans) a devanc\u00e9 en 8 min 08 sec 90 l\u2019Ethiopien Lamecha Girma (8:10.38) et le K\u00e9nyan Benjamin Kigen (8:11.45) pour succ\u00e9der au palmar\u00e8s au K\u00e9nyan Conseslus Kipruto, absent cette ann\u00e9e.<\/p>\n<p class=\"has-black-color has-text-color\">En l\u2019absence de Kipruto, El Bakkali a mis fin \u00e0 l\u2019incroyable domination k\u00e9nyane sur la distance, apr\u00e8s neuf titres olympiques cons\u00e9cutifs depuis 1984.<\/p>\n<p class=\"has-black-color has-text-color\">Le coureur de F\u00e8s s\u2019\u00e9tait r\u00e9v\u00e9l\u00e9 \u00e0 20 ans aux Jeux olympiques de Rio o\u00f9 il avait pris la 4e place.<\/p>\n<p class=\"has-black-color has-text-color\">Depuis, il est devenu vice-champion du monde en 2017 \u00e0 Londres puis m\u00e9daill\u00e9 de bronze mondial \u00e0 Doha en 2019.<\/p>\n<p class=\"has-black-color has-text-color\">Il a d\u00e9croch\u00e9 le 7e titre olympique de l\u2019histoire du Maroc, tous obtenus en athl\u00e9tisme, les deux derniers lors du retentissant doubl\u00e9 1.500\/5.000 m de la l\u00e9gende de la piste Hicham El Guerrouj.<\/p>\n<p class=\"has-black-color has-text-color\">Lundi, ce sont les Ethiopiens qui ont fait la course et acc\u00e9l\u00e9r\u00e9 le tempo apr\u00e8s un premier kilom\u00e8tre d\u2019observation sur une piste d\u00e9tremp\u00e9e, quelques minutes apr\u00e8s un long et intense passage pluvieux. Girma, vice-champion du monde en titre, a \u00e9t\u00e9 r\u00e9compens\u00e9 de son travail en t\u00eate de peloton en d\u00e9crochant l\u2019argent.<\/p>\n<p class=\"has-black-color has-text-color\">Mais il a \u00e9t\u00e9 d\u00e9bord\u00e9 assez facilement par El Bakkali dans les derniers 200 m\u00e8tres, le K\u00e9nyan Benjamin Kigen prenant la 3e place \u00e0 bonne distance.<\/p>\n<p class=\"has-black-color has-text-color\">El Bakkali tentera \u00e9galement de glaner une deuxi\u00e8me m\u00e9daille dans l\u2019\u00e9preuve reine des 1500m dont les s\u00e9ries vont commencer ce mardi.\u00a0Bon vent champion.<\/p>\n<p>L\u2019article <a rel=\"nofollow\" href=\"http:\/\/albayane.press.ma\/jo-2020-el-bakkali-offre-au-maroc-lor-olympique.html\">JO-2020 : El Bakkali offre au Maroc l\u2019Or olympique<\/a> est apparu en premier sur <a rel=\"nofollow\" href=\"http:\/\/albayane.press.ma\/\">ALBAYANE<\/a>.<\/p>\n<\/div>\n<p>Auteur: M&rsquo;hammed rahal<br \/>\n<a href=\"http:\/\/albayane.press.ma\/jo-2020-el-bakkali-offre-au-maroc-lor-olympique.html\">Cliquez ici pour lire l&rsquo;article depuis sa source.<\/a><\/p>\n","protected":false},"excerpt":{"rendered":"<p>Apr\u00e8s une absence de 17 ans Enfin, le Maroc a retrouv\u00e9 l\u2019or l\u2019olympique aux JO 2020 de Tokyo apr\u00e8s une absence qui n\u2019a que trop dur\u00e9, depuis la double m\u00e9daille d\u2019or de Hicham El Guerrouj (1500 m et 5000 m) aux Olympiades d\u2019Ath\u00e8nes en 2004. Soufiane El Bakkali a \u00e9t\u00e9 sacr\u00e9 champion olympique du 3.000 [&hellip;]<\/p>\n","protected":false},"author":1760,"featured_media":0,"comment_status":"closed","ping_status":"closed","sticky":false,"template":"","format":"standard","meta":{"fifu_image_url":"","fifu_image_alt":"","footnotes":""},"categories":[73,54],"tags":[],"class_list":["post-123115","post","type-post","status-publish","format-standard","hentry","category-actualite","category-maroc"],"_links":{"self":[{"href":"https:\/\/linitiative.ca\/International\/wp-json\/wp\/v2\/posts\/123115","targetHints":{"allow":["GET"]}}],"collection":[{"href":"https:\/\/linitiative.ca\/International\/wp-json\/wp\/v2\/posts"}],"about":[{"href":"https:\/\/linitiative.ca\/International\/wp-json\/wp\/v2\/types\/post"}],"author":[{"embeddable":true,"href":"https:\/\/linitiative.ca\/International\/wp-json\/wp\/v2\/users\/1760"}],"replies":[{"embeddable":true,"href":"https:\/\/linitiative.ca\/International\/wp-json\/wp\/v2\/comments?post=123115"}],"version-history":[{"count":0,"href":"https:\/\/linitiative.ca\/International\/wp-json\/wp\/v2\/posts\/123115\/revisions"}],"wp:attachment":[{"href":"https:\/\/linitiative.ca\/International\/wp-json\/wp\/v2\/media?parent=123115"}],"wp:term":[{"taxonomy":"category","embeddable":true,"href":"https:\/\/linitiative.ca\/International\/wp-json\/wp\/v2\/categories?post=123115"},{"taxonomy":"post_tag","embeddable":true,"href":"https:\/\/linitiative.ca\/International\/wp-json\/wp\/v2\/tags?post=123115"}],"curies":[{"name":"wp","href":"https:\/\/api.w.org\/{rel}","templated":true}]}}