{"id":123117,"date":"2021-08-03T09:00:00","date_gmt":"2021-08-03T13:00:00","guid":{"rendered":"https:\/\/linitiative.ca\/International\/videoeffondrement-dun-portique-gerbeur-au-terminal-a-conteneur-du-port-de-bejaia\/"},"modified":"2021-08-03T09:00:00","modified_gmt":"2021-08-03T13:00:00","slug":"videoeffondrement-dun-portique-gerbeur-au-terminal-a-conteneur-du-port-de-bejaia","status":"publish","type":"post","link":"https:\/\/linitiative.ca\/International\/videoeffondrement-dun-portique-gerbeur-au-terminal-a-conteneur-du-port-de-bejaia\/","title":{"rendered":"[Vid\u00e9o]Effondrement d&rsquo;un portique gerbeur au terminal \u00e0 conteneur du port de B\u00e9jaia"},"content":{"rendered":"<div>Un portique gerbeur (grue de levage et d\u2019entreposage) s\u2019est effondr\u00e9 mardi au terminal \u00e0 conteneurs de Bejaia faisant un bless\u00e9 et occasionnant d\u2019importants d\u00e9g\u00e2ts, apprend-t-on de la direction de l\u2019entreprise portuaire de Bejaia (EPB).<\/div>\n<p>Auteur:<br \/>\n<a href=\"https:\/\/www.liberte-algerie.com\/actualite\/video-effondrement-dun-portique-gerbeur-au-terminal-a-conteneur-du-port-de-bejaia-362840\">Cliquez ici pour lire l&rsquo;article depuis sa source.<\/a><\/p>\n","protected":false},"excerpt":{"rendered":"<p>Un portique gerbeur (grue de levage et d\u2019entreposage) s\u2019est effondr\u00e9 mardi au terminal \u00e0 conteneurs de Bejaia faisant un bless\u00e9 et occasionnant d\u2019importants d\u00e9g\u00e2ts, apprend-t-on de la direction de l\u2019entreprise portuaire de Bejaia (EPB). Auteur: Cliquez ici pour lire l&rsquo;article depuis sa source.<\/p>\n","protected":false},"author":1742,"featured_media":0,"comment_status":"closed","ping_status":"closed","sticky":false,"template":"","format":"standard","meta":{"fifu_image_url":"","fifu_image_alt":"","footnotes":""},"categories":[73,53],"tags":[],"class_list":["post-123117","post","type-post","status-publish","format-standard","hentry","category-actualite","category-algerie"],"_links":{"self":[{"href":"https:\/\/linitiative.ca\/International\/wp-json\/wp\/v2\/posts\/123117","targetHints":{"allow":["GET"]}}],"collection":[{"href":"https:\/\/linitiative.ca\/International\/wp-json\/wp\/v2\/posts"}],"about":[{"href":"https:\/\/linitiative.ca\/International\/wp-json\/wp\/v2\/types\/post"}],"author":[{"embeddable":true,"href":"https:\/\/linitiative.ca\/International\/wp-json\/wp\/v2\/users\/1742"}],"replies":[{"embeddable":true,"href":"https:\/\/linitiative.ca\/International\/wp-json\/wp\/v2\/comments?post=123117"}],"version-history":[{"count":0,"href":"https:\/\/linitiative.ca\/International\/wp-json\/wp\/v2\/posts\/123117\/revisions"}],"wp:attachment":[{"href":"https:\/\/linitiative.ca\/International\/wp-json\/wp\/v2\/media?parent=123117"}],"wp:term":[{"taxonomy":"category","embeddable":true,"href":"https:\/\/linitiative.ca\/International\/wp-json\/wp\/v2\/categories?post=123117"},{"taxonomy":"post_tag","embeddable":true,"href":"https:\/\/linitiative.ca\/International\/wp-json\/wp\/v2\/tags?post=123117"}],"curies":[{"name":"wp","href":"https:\/\/api.w.org\/{rel}","templated":true}]}}