{"id":123118,"date":"2021-08-03T10:30:00","date_gmt":"2021-08-03T14:30:00","guid":{"rendered":"https:\/\/linitiative.ca\/International\/le-general-ali-ouelhadj-yahia-nouveau-commandant-de-la-gendarmerie\/"},"modified":"2021-08-03T10:30:00","modified_gmt":"2021-08-03T14:30:00","slug":"le-general-ali-ouelhadj-yahia-nouveau-commandant-de-la-gendarmerie","status":"publish","type":"post","link":"https:\/\/linitiative.ca\/International\/le-general-ali-ouelhadj-yahia-nouveau-commandant-de-la-gendarmerie\/","title":{"rendered":"Le g\u00e9n\u00e9ral Ali Ouelhadj Yahia nouveau commandant de la gendarmerie"},"content":{"rendered":"<div>Le g\u00e9n\u00e9ral Ali Ouelhadj Yahia a \u00e9t\u00e9 install\u00e9, ce mardi, \u00e0 Alger, dans ses nouvelles fonctions de commandant de la gendarmerie nationale en remplacement du g\u00e9n\u00e9ral-major  noureddine Gouassemia,  annonce un communiqu\u00e9 du minist\u00e8re de la d\u00e9fense&#8230;<\/div>\n<p>Auteur:<br \/>\n<a href=\"https:\/\/www.liberte-algerie.com\/actualite\/le-general-ali-ouelhadj-yahia-nouveau-commandant-de-la-gendarmerie-362841\">Cliquez ici pour lire l&rsquo;article depuis sa source.<\/a><\/p>\n","protected":false},"excerpt":{"rendered":"<p>Le g\u00e9n\u00e9ral Ali Ouelhadj Yahia a \u00e9t\u00e9 install\u00e9, ce mardi, \u00e0 Alger, dans ses nouvelles fonctions de commandant de la gendarmerie nationale en remplacement du g\u00e9n\u00e9ral-major noureddine Gouassemia, annonce un communiqu\u00e9 du minist\u00e8re de la d\u00e9fense&#8230; Auteur: Cliquez ici pour lire l&rsquo;article depuis sa source.<\/p>\n","protected":false},"author":1742,"featured_media":0,"comment_status":"closed","ping_status":"closed","sticky":false,"template":"","format":"standard","meta":{"fifu_image_url":"","fifu_image_alt":"","footnotes":""},"categories":[73,53],"tags":[],"class_list":["post-123118","post","type-post","status-publish","format-standard","hentry","category-actualite","category-algerie"],"_links":{"self":[{"href":"https:\/\/linitiative.ca\/International\/wp-json\/wp\/v2\/posts\/123118","targetHints":{"allow":["GET"]}}],"collection":[{"href":"https:\/\/linitiative.ca\/International\/wp-json\/wp\/v2\/posts"}],"about":[{"href":"https:\/\/linitiative.ca\/International\/wp-json\/wp\/v2\/types\/post"}],"author":[{"embeddable":true,"href":"https:\/\/linitiative.ca\/International\/wp-json\/wp\/v2\/users\/1742"}],"replies":[{"embeddable":true,"href":"https:\/\/linitiative.ca\/International\/wp-json\/wp\/v2\/comments?post=123118"}],"version-history":[{"count":0,"href":"https:\/\/linitiative.ca\/International\/wp-json\/wp\/v2\/posts\/123118\/revisions"}],"wp:attachment":[{"href":"https:\/\/linitiative.ca\/International\/wp-json\/wp\/v2\/media?parent=123118"}],"wp:term":[{"taxonomy":"category","embeddable":true,"href":"https:\/\/linitiative.ca\/International\/wp-json\/wp\/v2\/categories?post=123118"},{"taxonomy":"post_tag","embeddable":true,"href":"https:\/\/linitiative.ca\/International\/wp-json\/wp\/v2\/tags?post=123118"}],"curies":[{"name":"wp","href":"https:\/\/api.w.org\/{rel}","templated":true}]}}