{"id":123121,"date":"2021-08-03T13:00:42","date_gmt":"2021-08-03T17:00:42","guid":{"rendered":"https:\/\/linitiative.ca\/International\/installation-du-procureur-general-du-roi-pres-la-cour-dappel\/"},"modified":"2021-08-03T13:00:42","modified_gmt":"2021-08-03T17:00:42","slug":"installation-du-procureur-general-du-roi-pres-la-cour-dappel","status":"publish","type":"post","link":"https:\/\/linitiative.ca\/International\/installation-du-procureur-general-du-roi-pres-la-cour-dappel\/","title":{"rendered":"Installation du Procureur g\u00e9n\u00e9ral du Roi pr\u00e8s la Cour d\u2019Appel"},"content":{"rendered":"<div>\n<div style=\"margin-bottom:20px;\"><img loading=\"lazy\" decoding=\"async\" width=\"750\" height=\"430\" src=\"https:\/\/linitiative.ca\/International\/wp-content\/uploads\/sites\/23\/2021\/08\/courdappelsafi.jpg\" class=\"attachment-post-thumbnail size-post-thumbnail wp-post-image\" alt=\"\" srcset=\"https:\/\/linitiative.ca\/International\/wp-content\/uploads\/sites\/23\/2021\/08\/courdappelsafi.jpg 750w, http:\/\/www.mapmarrakech.ma\/map\/uploads\/2021\/08\/courdappelsafi-300x172.jpg 300w\" sizes=\"auto, (max-width: 750px) 100vw, 750px\"><\/div>\n<p>Cette c\u00e9r\u00e9monie d\u2019installation a \u00e9t\u00e9 rehauss\u00e9e par la pr\u00e9sence du gouverneur de la Province de Safi, M. Lahoucine Chaynane, des responsables du minist\u00e8re de la justice et des membres du Conseil sup\u00e9rieur du pouvoir judiciaire (CSPJ) et du Minist\u00e8re public, en plus d\u2019autres personnalit\u00e9s repr\u00e9sentant les diff\u00e9rentes professions judiciaires.<\/p>\n<p>Dans une allocution \u00e0 cette occasion, M. El Kardoudi s\u2019est dit extr\u00eamement fier de la confiance plac\u00e9e en lui par SM le Roi Mohammed VI, mettant l\u2019accent sur l\u2019importance de la mise en \u0153uvre des diff\u00e9rentes orientations \u00e9manant de la Pr\u00e9sidence du Parquet g\u00e9n\u00e9ral relatives aux diff\u00e9rentes questions li\u00e9es aux droits des individus et \u00e0 leurs libert\u00e9s que ce soit dans le cadre de la gestion des plaintes, les affaires de contrainte physique ou la rationalisation de la d\u00e9tention pr\u00e9ventive.<\/p>\n<p>Le responsable judiciaire a aussi mis l\u2019accent sur l\u2019importance de la promotion de la qualit\u00e9 de l\u2019action judiciaire et la bonne gestion du Parquet en vue de r\u00e9aliser les attentes de la soci\u00e9t\u00e9 et ses aspirations \u00e0 un Parquet g\u00e9n\u00e9ral ind\u00e9pendant des influences politiques, religieuses et sociales, et attach\u00e9e \u00e0 la primaut\u00e9 de la loi dans la d\u00e9fense des droits et libert\u00e9s individuelles et collectives et la s\u00e9curit\u00e9 et le maintien de l\u2019ordre public.<\/p>\n<p>Il s\u2019agit aussi d\u2019un Parquet g\u00e9n\u00e9ral qui contribue \u00e0 pr\u00e9server la soci\u00e9t\u00e9 et ses constantes et propose des services aux justiciables dans le cadre de la transparence, l\u2019\u00e9galit\u00e9 et avec efficacit\u00e9 et efficience, a-t-il insist\u00e9.<\/p>\n<p>Dans ce contexte, M. El Kardoudi a indiqu\u00e9 que la r\u00e9alisation de la s\u00e9curit\u00e9 judiciaire et l\u2019augmentation de l\u2019efficience judiciaire dans la circonscription de cette Cour passent par l\u2019am\u00e9lioration des conditions d\u2019accueil et de communication avec les justiciables et la r\u00e9duction des d\u00e9lais de traitement des plaintes et des proc\u00e8s et la garantie des droits des personnes et des communaut\u00e9s et de leurs libert\u00e9s conform\u00e9ment aux dispositions de la Constitution.<\/p>\n<p>SM le Roi Mohammed VI, Pr\u00e9sident du Conseil sup\u00e9rieur du pouvoir judiciaire, avait donn\u00e9 Son approbation Royale pour la nomination de responsables judiciaires dans plusieurs juridictions du Royaume.<\/p>\n<p>Ces nominations concernent 104 fonctions de responsabilit\u00e9 judiciaire, soit 46,22% de l\u2019ensemble des responsabilit\u00e9s judiciaires.<\/p>\n<p>The post <a rel=\"nofollow\" href=\"http:\/\/www.mapmarrakech.ma\/fr\/installation-du-procureur-general-du-roi-pres-la-cour-dappel\/\">Installation du Procureur g\u00e9n\u00e9ral du Roi pr\u00e8s la Cour d\u2019Appel<\/a> appeared first on <a rel=\"nofollow\" href=\"http:\/\/www.mapmarrakech.ma\/fr\">MapMarrakech<\/a>.<\/p>\n<\/div>\n<p>Auteur: Meriem IGASS<br \/>\n<a href=\"http:\/\/www.mapmarrakech.ma\/fr\/installation-du-procureur-general-du-roi-pres-la-cour-dappel\/\">Cliquez ici pour lire l&rsquo;article depuis sa source.<\/a><\/p>\n","protected":false},"excerpt":{"rendered":"<p>Cette c\u00e9r\u00e9monie d\u2019installation a \u00e9t\u00e9 rehauss\u00e9e par la pr\u00e9sence du gouverneur de la Province de Safi, M. Lahoucine Chaynane, des responsables du minist\u00e8re de la justice et des membres du Conseil sup\u00e9rieur du pouvoir judiciaire (CSPJ) et du Minist\u00e8re public, en plus d\u2019autres personnalit\u00e9s repr\u00e9sentant les diff\u00e9rentes professions judiciaires. Dans une allocution \u00e0 cette occasion, [&hellip;]<\/p>\n","protected":false},"author":1788,"featured_media":0,"comment_status":"closed","ping_status":"closed","sticky":false,"template":"","format":"standard","meta":{"fifu_image_url":"http:\/\/www.mapmarrakech.ma\/map\/uploads\/2021\/08\/courdappelsafi.jpg","fifu_image_alt":"Installation du Procureur g\u00e9n\u00e9ral du Roi pr\u00e8s la Cour d\u2019Appel","footnotes":""},"categories":[54,76],"tags":[],"class_list":["post-123121","post","type-post","status-publish","format-standard","hentry","category-maroc","category-regions"],"_links":{"self":[{"href":"https:\/\/linitiative.ca\/International\/wp-json\/wp\/v2\/posts\/123121","targetHints":{"allow":["GET"]}}],"collection":[{"href":"https:\/\/linitiative.ca\/International\/wp-json\/wp\/v2\/posts"}],"about":[{"href":"https:\/\/linitiative.ca\/International\/wp-json\/wp\/v2\/types\/post"}],"author":[{"embeddable":true,"href":"https:\/\/linitiative.ca\/International\/wp-json\/wp\/v2\/users\/1788"}],"replies":[{"embeddable":true,"href":"https:\/\/linitiative.ca\/International\/wp-json\/wp\/v2\/comments?post=123121"}],"version-history":[{"count":0,"href":"https:\/\/linitiative.ca\/International\/wp-json\/wp\/v2\/posts\/123121\/revisions"}],"wp:attachment":[{"href":"https:\/\/linitiative.ca\/International\/wp-json\/wp\/v2\/media?parent=123121"}],"wp:term":[{"taxonomy":"category","embeddable":true,"href":"https:\/\/linitiative.ca\/International\/wp-json\/wp\/v2\/categories?post=123121"},{"taxonomy":"post_tag","embeddable":true,"href":"https:\/\/linitiative.ca\/International\/wp-json\/wp\/v2\/tags?post=123121"}],"curies":[{"name":"wp","href":"https:\/\/api.w.org\/{rel}","templated":true}]}}