{"id":123123,"date":"2021-08-03T12:42:39","date_gmt":"2021-08-03T16:42:39","guid":{"rendered":"https:\/\/linitiative.ca\/International\/nador-la-5eme-semaine-verte-du-05-au-11-aout\/"},"modified":"2021-08-03T12:42:39","modified_gmt":"2021-08-03T16:42:39","slug":"nador-la-5eme-semaine-verte-du-05-au-11-aout","status":"publish","type":"post","link":"https:\/\/linitiative.ca\/International\/nador-la-5eme-semaine-verte-du-05-au-11-aout\/","title":{"rendered":"Nador : La 5\u00e8me Semaine Verte, du 05 au 11 ao\u00fbt"},"content":{"rendered":"<div>\n<div style=\"margin-bottom:20px;\"><img loading=\"lazy\" decoding=\"async\" width=\"750\" height=\"430\" src=\"https:\/\/linitiative.ca\/International\/wp-content\/uploads\/sites\/23\/2021\/08\/New-Project3.jpg\" class=\"attachment-post-thumbnail size-post-thumbnail wp-post-image\" alt=\"\" srcset=\"https:\/\/linitiative.ca\/International\/wp-content\/uploads\/sites\/23\/2021\/08\/New-Project3.jpg 750w, http:\/\/www.mapoujda.ma\/map\/uploads\/2021\/08\/New-Project3-300x172.jpg 300w\" sizes=\"auto, (max-width: 750px) 100vw, 750px\"><\/div>\n<p>La 5\u00e8me \u00e9dition de la Semaine Verte de Nador, organis\u00e9e par l\u2019Association Smile pour le d\u00e9veloppement durable, se tiendra du 05 au 11 ao\u00fbt courant.<\/p>\n<p>Cet \u00e9v\u00e8nement, plac\u00e9 sous le th\u00e8me \u00abLe Maroc et l\u2019efficacit\u00e9 \u00e9nerg\u00e9tique dans le continent africain\u00bb, porte sur plusieurs activit\u00e9s qui se d\u00e9rouleront dans des espaces de la ville de Nador ainsi que dans certaines communes de la province, indiquent les organisateurs dans un communiqu\u00e9.<\/p>\n<p>Cette rencontre, organis\u00e9e en partenariat notamment avec l\u2019Agence de l\u2019Oriental et la Facult\u00e9 pluridisciplinaire de Nador (Universit\u00e9 Mohammed Premier), vise \u00e0 promouvoir une culture environnementale saine et \u00e0 contribuer \u00e0 la sensibilisation de l\u2019ensemble des acteurs quant \u00e0 l\u2019importance de la question de l\u2019\u00e9cologie et du d\u00e9veloppement durable.<\/p>\n<p>La Semaine Verte, tenue dans le cadre de la c\u00e9l\u00e9bration de la glorieuse F\u00eate du Tr\u00f4ne et \u00e0 l\u2019occasion de l\u2019op\u00e9ration Marhaba 2021, entend encourager l\u2019investissement dans l\u2019efficacit\u00e9 \u00e9nerg\u00e9tique et les \u00e9nergies renouvelables et soutenir les efforts d\u2019innovation et de recherche dans ce domaine, affirme le communiqu\u00e9.<\/p>\n<p>La 5\u00e8me \u00e9dition sera marqu\u00e9e par une Master Class autour du mod\u00e8le \u00e9nerg\u00e9tique africain, en plus de plusieurs autres activit\u00e9s, dont une caravane de l\u2019efficacit\u00e9 \u00e9nerg\u00e9tique, une conf\u00e9rence sur \u00abLe mod\u00e8le africain de l\u2019efficacit\u00e9 \u00e9nerg\u00e9tique\u00bb, une course de plogging, des sorties \u00e9ducatives sur le th\u00e8me de l\u2019efficacit\u00e9 \u00e9nerg\u00e9tique et des hommages et des prix qui seront remis \u00e0 des chercheurs et acteurs dans le domaine de l\u2019environnement et de l\u2019efficacit\u00e9 \u00e9nerg\u00e9tique.<\/p>\n<p>Toutes ces activit\u00e9s seront organis\u00e9es dans le strict respect des mesures de pr\u00e9vention et de pr\u00e9caution relatives \u00e0 la pand\u00e9mie de la Covid-19, assurent les organisateurs.<\/p>\n<p>L\u2019article <a rel=\"nofollow\" href=\"http:\/\/www.mapoujda.ma\/fr\/nador-la-5eme-semaine-verte-du-05-au-11-aout\/\">Nador : La 5\u00e8me Semaine Verte, du 05 au 11 ao\u00fbt<\/a> est apparu en premier sur <a rel=\"nofollow\" href=\"http:\/\/www.mapoujda.ma\/fr\">MapOujda<\/a>.<\/p>\n<\/div>\n<p>Auteur: Ismail Bahhane<br \/>\n<a href=\"http:\/\/www.mapoujda.ma\/fr\/nador-la-5eme-semaine-verte-du-05-au-11-aout\/\">Cliquez ici pour lire l&rsquo;article depuis sa source.<\/a><\/p>\n","protected":false},"excerpt":{"rendered":"<p>La 5\u00e8me \u00e9dition de la Semaine Verte de Nador, organis\u00e9e par l\u2019Association Smile pour le d\u00e9veloppement durable, se tiendra du 05 au 11 ao\u00fbt courant. Cet \u00e9v\u00e8nement, plac\u00e9 sous le th\u00e8me \u00abLe Maroc et l\u2019efficacit\u00e9 \u00e9nerg\u00e9tique dans le continent africain\u00bb, porte sur plusieurs activit\u00e9s qui se d\u00e9rouleront dans des espaces de la ville de Nador [&hellip;]<\/p>\n","protected":false},"author":1788,"featured_media":0,"comment_status":"closed","ping_status":"closed","sticky":false,"template":"","format":"standard","meta":{"fifu_image_url":"http:\/\/www.mapoujda.ma\/map\/uploads\/2021\/08\/New-Project3.jpg","fifu_image_alt":"Nador : La 5\u00e8me Semaine Verte, du 05 au 11 ao\u00fbt","footnotes":""},"categories":[54,76],"tags":[],"class_list":["post-123123","post","type-post","status-publish","format-standard","hentry","category-maroc","category-regions"],"_links":{"self":[{"href":"https:\/\/linitiative.ca\/International\/wp-json\/wp\/v2\/posts\/123123","targetHints":{"allow":["GET"]}}],"collection":[{"href":"https:\/\/linitiative.ca\/International\/wp-json\/wp\/v2\/posts"}],"about":[{"href":"https:\/\/linitiative.ca\/International\/wp-json\/wp\/v2\/types\/post"}],"author":[{"embeddable":true,"href":"https:\/\/linitiative.ca\/International\/wp-json\/wp\/v2\/users\/1788"}],"replies":[{"embeddable":true,"href":"https:\/\/linitiative.ca\/International\/wp-json\/wp\/v2\/comments?post=123123"}],"version-history":[{"count":0,"href":"https:\/\/linitiative.ca\/International\/wp-json\/wp\/v2\/posts\/123123\/revisions"}],"wp:attachment":[{"href":"https:\/\/linitiative.ca\/International\/wp-json\/wp\/v2\/media?parent=123123"}],"wp:term":[{"taxonomy":"category","embeddable":true,"href":"https:\/\/linitiative.ca\/International\/wp-json\/wp\/v2\/categories?post=123123"},{"taxonomy":"post_tag","embeddable":true,"href":"https:\/\/linitiative.ca\/International\/wp-json\/wp\/v2\/tags?post=123123"}],"curies":[{"name":"wp","href":"https:\/\/api.w.org\/{rel}","templated":true}]}}