{"id":123125,"date":"2021-08-03T09:56:33","date_gmt":"2021-08-03T13:56:33","guid":{"rendered":"https:\/\/linitiative.ca\/International\/covid-le-pic-attendu-dans-les-prochains-jours\/"},"modified":"2021-08-03T09:56:33","modified_gmt":"2021-08-03T13:56:33","slug":"covid-le-pic-attendu-dans-les-prochains-jours","status":"publish","type":"post","link":"https:\/\/linitiative.ca\/International\/covid-le-pic-attendu-dans-les-prochains-jours\/","title":{"rendered":"Covid: Le pic attendu \u00ab\u00a0dans les prochains jours\u00a0\u00bb"},"content":{"rendered":"<div>\n<div class=\"field field-name-body field-type-text-with-summary field-label-hidden\">\n<div class=\"field-items\">\n<div class=\"field-item even\" property=\"content:encoded\">\n<p class=\"rtejustify\">Avec la hausse des contaminations, le pic devrait arriver dans les prochains jours. \u00ab\u00a0L&rsquo;ensemble des indicateurs \u00e9pid\u00e9miologiques confirme l&rsquo;entr\u00e9e du Maroc dans la phase de transmission communautaire depuis cinq \u00e0 six semaines, avec un pic attendu \u00ab\u00a0dans les tout prochains jours\u00a0\u00bb, a indiqu\u00e9, mardi, le minist\u00e8re de la Sant\u00e9 dans son bilan bimensuel sur l&rsquo;\u00e9volution de la situation de Covid-19.<\/p>\n<\/div>\n<\/div>\n<\/div>\n<\/div>\n<p>Auteur: hgueye<br \/>\n<a href=\"https:\/\/www.leconomiste.com\/flash-infos\/covid-le-pic-attendu-dans-les-prochains-jours\">Cliquez ici pour lire l&rsquo;article depuis sa source.<\/a><\/p>\n","protected":false},"excerpt":{"rendered":"<p>Avec la hausse des contaminations, le pic devrait arriver dans les prochains jours. \u00ab\u00a0L&rsquo;ensemble des indicateurs \u00e9pid\u00e9miologiques confirme l&rsquo;entr\u00e9e du Maroc dans la phase de transmission communautaire depuis cinq \u00e0 six semaines, avec un pic attendu \u00ab\u00a0dans les tout prochains jours\u00a0\u00bb, a indiqu\u00e9, mardi, le minist\u00e8re de la Sant\u00e9 dans son bilan bimensuel sur l&rsquo;\u00e9volution [&hellip;]<\/p>\n","protected":false},"author":1763,"featured_media":0,"comment_status":"closed","ping_status":"closed","sticky":false,"template":"","format":"standard","meta":{"fifu_image_url":"","fifu_image_alt":"","footnotes":""},"categories":[78,54],"tags":[],"class_list":["post-123125","post","type-post","status-publish","format-standard","hentry","category-economie","category-maroc"],"_links":{"self":[{"href":"https:\/\/linitiative.ca\/International\/wp-json\/wp\/v2\/posts\/123125","targetHints":{"allow":["GET"]}}],"collection":[{"href":"https:\/\/linitiative.ca\/International\/wp-json\/wp\/v2\/posts"}],"about":[{"href":"https:\/\/linitiative.ca\/International\/wp-json\/wp\/v2\/types\/post"}],"author":[{"embeddable":true,"href":"https:\/\/linitiative.ca\/International\/wp-json\/wp\/v2\/users\/1763"}],"replies":[{"embeddable":true,"href":"https:\/\/linitiative.ca\/International\/wp-json\/wp\/v2\/comments?post=123125"}],"version-history":[{"count":0,"href":"https:\/\/linitiative.ca\/International\/wp-json\/wp\/v2\/posts\/123125\/revisions"}],"wp:attachment":[{"href":"https:\/\/linitiative.ca\/International\/wp-json\/wp\/v2\/media?parent=123125"}],"wp:term":[{"taxonomy":"category","embeddable":true,"href":"https:\/\/linitiative.ca\/International\/wp-json\/wp\/v2\/categories?post=123125"},{"taxonomy":"post_tag","embeddable":true,"href":"https:\/\/linitiative.ca\/International\/wp-json\/wp\/v2\/tags?post=123125"}],"curies":[{"name":"wp","href":"https:\/\/api.w.org\/{rel}","templated":true}]}}