{"id":123128,"date":"2021-08-03T11:42:57","date_gmt":"2021-08-03T15:42:57","guid":{"rendered":"https:\/\/linitiative.ca\/International\/bcg-emilie-wilson-directrice-de-projets-regionaux-pour-lafrique-distinguee\/"},"modified":"2021-08-03T11:42:57","modified_gmt":"2021-08-03T15:42:57","slug":"bcg-emilie-wilson-directrice-de-projets-regionaux-pour-lafrique-distinguee","status":"publish","type":"post","link":"https:\/\/linitiative.ca\/International\/bcg-emilie-wilson-directrice-de-projets-regionaux-pour-lafrique-distinguee\/","title":{"rendered":"BCG: Emilie Wilson, directrice de projets r\u00e9gionaux pour l\u2019Afrique, distingu\u00e9e"},"content":{"rendered":"<div>\n<div class=\"field field-name-body field-type-text-with-summary field-label-hidden\">\n<div class=\"field-items\">\n<div class=\"field-item even\" property=\"content:encoded\">\n<p class=\"rtejustify\">Emilie Wilson, directrice de projets r\u00e9gionaux pour l\u2019Afrique, chez Oxford Business Group (OBG), a \u00e9t\u00e9 s\u00e9lectionn\u00e9e parmi les 100 jeunes leaders de la French-African Foundation pour 2021. Cette distinction concerne des candidats \u00e2g\u00e9s de 28 \u00e0 40 ans. Au total, pr\u00e8s de 3.000 candidats \u00e9taient en lice.\u00a0Les laur\u00e9ats ont \u00e9t\u00e9 choisis par un jury ind\u00e9pendant compos\u00e9 de d\u00e9cideurs publics et de chefs d&rsquo;entreprises parmi pr\u00e8s de 3000 candidats africains et fran\u00e7ais.<\/p>\n<\/div>\n<\/div>\n<\/div>\n<\/div>\n<p>Auteur: hgueye<br \/>\n<a href=\"https:\/\/www.leconomiste.com\/flash-infos\/bcg-emilie-wilson-directrice-de-projets-regionaux-pour-l-afrique-distinguee\">Cliquez ici pour lire l&rsquo;article depuis sa source.<\/a><\/p>\n","protected":false},"excerpt":{"rendered":"<p>Emilie Wilson, directrice de projets r\u00e9gionaux pour l\u2019Afrique, chez Oxford Business Group (OBG), a \u00e9t\u00e9 s\u00e9lectionn\u00e9e parmi les 100 jeunes leaders de la French-African Foundation pour 2021. Cette distinction concerne des candidats \u00e2g\u00e9s de 28 \u00e0 40 ans. Au total, pr\u00e8s de 3.000 candidats \u00e9taient en lice.\u00a0Les laur\u00e9ats ont \u00e9t\u00e9 choisis par un jury ind\u00e9pendant [&hellip;]<\/p>\n","protected":false},"author":1763,"featured_media":0,"comment_status":"closed","ping_status":"closed","sticky":false,"template":"","format":"standard","meta":{"fifu_image_url":"","fifu_image_alt":"","footnotes":""},"categories":[78,54],"tags":[],"class_list":["post-123128","post","type-post","status-publish","format-standard","hentry","category-economie","category-maroc"],"_links":{"self":[{"href":"https:\/\/linitiative.ca\/International\/wp-json\/wp\/v2\/posts\/123128","targetHints":{"allow":["GET"]}}],"collection":[{"href":"https:\/\/linitiative.ca\/International\/wp-json\/wp\/v2\/posts"}],"about":[{"href":"https:\/\/linitiative.ca\/International\/wp-json\/wp\/v2\/types\/post"}],"author":[{"embeddable":true,"href":"https:\/\/linitiative.ca\/International\/wp-json\/wp\/v2\/users\/1763"}],"replies":[{"embeddable":true,"href":"https:\/\/linitiative.ca\/International\/wp-json\/wp\/v2\/comments?post=123128"}],"version-history":[{"count":0,"href":"https:\/\/linitiative.ca\/International\/wp-json\/wp\/v2\/posts\/123128\/revisions"}],"wp:attachment":[{"href":"https:\/\/linitiative.ca\/International\/wp-json\/wp\/v2\/media?parent=123128"}],"wp:term":[{"taxonomy":"category","embeddable":true,"href":"https:\/\/linitiative.ca\/International\/wp-json\/wp\/v2\/categories?post=123128"},{"taxonomy":"post_tag","embeddable":true,"href":"https:\/\/linitiative.ca\/International\/wp-json\/wp\/v2\/tags?post=123128"}],"curies":[{"name":"wp","href":"https:\/\/api.w.org\/{rel}","templated":true}]}}