{"id":123129,"date":"2021-08-03T12:19:24","date_gmt":"2021-08-03T16:19:24","guid":{"rendered":"https:\/\/linitiative.ca\/International\/sas-lorgne-la-bourse\/"},"modified":"2021-08-03T12:19:24","modified_gmt":"2021-08-03T16:19:24","slug":"sas-lorgne-la-bourse","status":"publish","type":"post","link":"https:\/\/linitiative.ca\/International\/sas-lorgne-la-bourse\/","title":{"rendered":"SAS lorgne la bourse"},"content":{"rendered":"<div>\n<div class=\"field field-name-body field-type-text-with-summary field-label-hidden\">\n<div class=\"field-items\">\n<div class=\"field-item even\" property=\"content:encoded\">\n<p class=\"rtejustify\">SAS, leader mondial de l&rsquo;analytique et de l&rsquo;intelligence artificielle, compte entrer en bourse. La soci\u00e9t\u00e9 a annonc\u00e9 son intention d&rsquo;\u00eatre pr\u00eate pour une introduction en bourse (IPO)\u00a0d&rsquo;ici 2024. Une op\u00e9ration qui devrait intervenir apr\u00e8s que SAS ait atteint\u00a0<span style=\"text-align: justify;\">la solidit\u00e9 financi\u00e8re, le capital de marque et la position de leader sur le march\u00e9, sou<\/span>s la direction de ses cofondateurs, Jim Goodnight et John Sall.<\/p>\n<\/div>\n<\/div>\n<\/div>\n<\/div>\n<p>Auteur: hgueye<br \/>\n<a href=\"https:\/\/www.leconomiste.com\/flash-infos\/sas-lorgne-la-bourse\">Cliquez ici pour lire l&rsquo;article depuis sa source.<\/a><\/p>\n","protected":false},"excerpt":{"rendered":"<p>SAS, leader mondial de l&rsquo;analytique et de l&rsquo;intelligence artificielle, compte entrer en bourse. La soci\u00e9t\u00e9 a annonc\u00e9 son intention d&rsquo;\u00eatre pr\u00eate pour une introduction en bourse (IPO)\u00a0d&rsquo;ici 2024. Une op\u00e9ration qui devrait intervenir apr\u00e8s que SAS ait atteint\u00a0la solidit\u00e9 financi\u00e8re, le capital de marque et la position de leader sur le march\u00e9, sous la direction [&hellip;]<\/p>\n","protected":false},"author":1763,"featured_media":0,"comment_status":"closed","ping_status":"closed","sticky":false,"template":"","format":"standard","meta":{"fifu_image_url":"","fifu_image_alt":"","footnotes":""},"categories":[78,54],"tags":[],"class_list":["post-123129","post","type-post","status-publish","format-standard","hentry","category-economie","category-maroc"],"_links":{"self":[{"href":"https:\/\/linitiative.ca\/International\/wp-json\/wp\/v2\/posts\/123129","targetHints":{"allow":["GET"]}}],"collection":[{"href":"https:\/\/linitiative.ca\/International\/wp-json\/wp\/v2\/posts"}],"about":[{"href":"https:\/\/linitiative.ca\/International\/wp-json\/wp\/v2\/types\/post"}],"author":[{"embeddable":true,"href":"https:\/\/linitiative.ca\/International\/wp-json\/wp\/v2\/users\/1763"}],"replies":[{"embeddable":true,"href":"https:\/\/linitiative.ca\/International\/wp-json\/wp\/v2\/comments?post=123129"}],"version-history":[{"count":0,"href":"https:\/\/linitiative.ca\/International\/wp-json\/wp\/v2\/posts\/123129\/revisions"}],"wp:attachment":[{"href":"https:\/\/linitiative.ca\/International\/wp-json\/wp\/v2\/media?parent=123129"}],"wp:term":[{"taxonomy":"category","embeddable":true,"href":"https:\/\/linitiative.ca\/International\/wp-json\/wp\/v2\/categories?post=123129"},{"taxonomy":"post_tag","embeddable":true,"href":"https:\/\/linitiative.ca\/International\/wp-json\/wp\/v2\/tags?post=123129"}],"curies":[{"name":"wp","href":"https:\/\/api.w.org\/{rel}","templated":true}]}}