{"id":123132,"date":"2021-08-03T08:25:00","date_gmt":"2021-08-03T12:25:00","guid":{"rendered":"https:\/\/linitiative.ca\/International\/inter-journee-decisive-pour-eriksen\/"},"modified":"2021-08-03T08:25:00","modified_gmt":"2021-08-03T12:25:00","slug":"inter-journee-decisive-pour-eriksen","status":"publish","type":"post","link":"https:\/\/linitiative.ca\/International\/inter-journee-decisive-pour-eriksen\/","title":{"rendered":"Inter : Journ\u00e9e d\u00e9cisive pour Eriksen !"},"content":{"rendered":"<div>Moins de deux mois apr\u00e8s avoir subi un terrible malaise cardiaque, lors de son premier match \u00e0 l\u2019Euro avec le Danemark, Christian Eriksen va r\u00e9aliser son grand retour \u00e0 l\u2019Inter Milan, selon Maxifoot et La Gazzetta dello Sport.<img loading=\"lazy\" decoding=\"async\" src=\"http:\/\/feeds.feedburner.com\/~r\/GalerieFArtciles\/~4\/rPgKrjE-BR4\" height=\"1\" width=\"1\" alt=\"\"><\/div>\n<p>Auteur:<br \/>\n<a href=\"http:\/\/www.lebuteur.com\/article\/detail?titre=inter-journee-decisive-pour-eriksen&#038;id=100757&#038;utm_source=feedburner&#038;utm_medium=feed&#038;utm_campaign=Feed%3A+GalerieFArtciles+%28Les+derniers+articles++-+lebuteur.com%29\">Cliquez ici pour lire l&rsquo;article depuis sa source.<\/a><\/p>\n","protected":false},"excerpt":{"rendered":"<p>Moins de deux mois apr\u00e8s avoir subi un terrible malaise cardiaque, lors de son premier match \u00e0 l\u2019Euro avec le Danemark, Christian Eriksen va r\u00e9aliser son grand retour \u00e0 l\u2019Inter Milan, selon Maxifoot et La Gazzetta dello Sport. Auteur: Cliquez ici pour lire l&rsquo;article depuis sa source.<\/p>\n","protected":false},"author":1738,"featured_media":0,"comment_status":"closed","ping_status":"closed","sticky":false,"template":"","format":"standard","meta":{"fifu_image_url":"http:\/\/feeds.feedburner.com\/~r\/GalerieFArtciles\/~4\/rPgKrjE-BR4","fifu_image_alt":"Inter : Journ\u00e9e d\u00e9cisive pour Eriksen !","footnotes":""},"categories":[53,75],"tags":[],"class_list":["post-123132","post","type-post","status-publish","format-standard","hentry","category-algerie","category-sport"],"_links":{"self":[{"href":"https:\/\/linitiative.ca\/International\/wp-json\/wp\/v2\/posts\/123132","targetHints":{"allow":["GET"]}}],"collection":[{"href":"https:\/\/linitiative.ca\/International\/wp-json\/wp\/v2\/posts"}],"about":[{"href":"https:\/\/linitiative.ca\/International\/wp-json\/wp\/v2\/types\/post"}],"author":[{"embeddable":true,"href":"https:\/\/linitiative.ca\/International\/wp-json\/wp\/v2\/users\/1738"}],"replies":[{"embeddable":true,"href":"https:\/\/linitiative.ca\/International\/wp-json\/wp\/v2\/comments?post=123132"}],"version-history":[{"count":0,"href":"https:\/\/linitiative.ca\/International\/wp-json\/wp\/v2\/posts\/123132\/revisions"}],"wp:attachment":[{"href":"https:\/\/linitiative.ca\/International\/wp-json\/wp\/v2\/media?parent=123132"}],"wp:term":[{"taxonomy":"category","embeddable":true,"href":"https:\/\/linitiative.ca\/International\/wp-json\/wp\/v2\/categories?post=123132"},{"taxonomy":"post_tag","embeddable":true,"href":"https:\/\/linitiative.ca\/International\/wp-json\/wp\/v2\/tags?post=123132"}],"curies":[{"name":"wp","href":"https:\/\/api.w.org\/{rel}","templated":true}]}}