{"id":123135,"date":"2021-08-03T06:30:10","date_gmt":"2021-08-03T10:30:10","guid":{"rendered":"https:\/\/linitiative.ca\/International\/les-hopitaux-a-la-recherche-doxygene-medical\/"},"modified":"2021-08-03T06:30:10","modified_gmt":"2021-08-03T10:30:10","slug":"les-hopitaux-a-la-recherche-doxygene-medical","status":"publish","type":"post","link":"https:\/\/linitiative.ca\/International\/les-hopitaux-a-la-recherche-doxygene-medical\/","title":{"rendered":"Les h\u00f4pitaux \u00e0 la recherche d\u2019oxyg\u00e8ne m\u00e9dical"},"content":{"rendered":"<div>\n<div class=\"sriret\"><img decoding=\"async\" src=\"https:\/\/linitiative.ca\/International\/wp-content\/uploads\/sites\/23\/2021\/08\/default-picture-709x366_c-3.jpg\"><\/div>\n<p>L\u2019oxyg\u00e8ne m\u00e9dical se fait rare aussi dans les h\u00f4pitaux de la wilaya de Mascara. \u00ab\u00c0 cause du manque d\u2019oxyg\u00e8ne, une proche atteinte de la Covid-19 a \u00e9t\u00e9 transf\u00e9r\u00e9e, ce vendredi, de l\u2019h\u00f4pital Dr Khaled \u00e0 celui de Yess\u00e2d Khaled, dans la ville de Mascara\u00bb, t\u00e9moigne Kada de la commune de Mamounia qui a perdu, jeudi, son fr\u00e8re \u00e0 cause de la Covid-19.<\/p>\n<p>Face \u00e0 la crise d\u2019oxyg\u00e8ne, le transfert des malades en d\u00e9tresse respiratoire entre les \u00e9tablissements hospitaliers de la wilaya est, pour le moment, l\u2019unique mesure recommand\u00e9e par le corps m\u00e9dical.<\/p>\n<p>\u00a0<\/p>\n<p>*Retrouvez l\u2019int\u00e9gralit\u00e9 de nos articles sur la version papier<\/p>\n<p>L\u2019article <a rel=\"nofollow\" href=\"https:\/\/www.elwatan.com\/edition\/actualite\/les-hopitaux-a-la-recherche-doxygene-medical-03-08-2021\">Les h\u00f4pitaux \u00e0 la recherche d\u2019oxyg\u00e8ne m\u00e9dical<\/a> est apparu en premier sur <a rel=\"nofollow\" href=\"https:\/\/www.elwatan.com\/\">El Watan<\/a>.<\/p>\n<\/div>\n<p>Auteur: Hicham Chouadria<br \/>\n<a href=\"https:\/\/www.elwatan.com\/edition\/actualite\/les-hopitaux-a-la-recherche-doxygene-medical-03-08-2021\">Cliquez ici pour lire l&rsquo;article depuis sa source.<\/a><\/p>\n","protected":false},"excerpt":{"rendered":"<p>L\u2019oxyg\u00e8ne m\u00e9dical se fait rare aussi dans les h\u00f4pitaux de la wilaya de Mascara. \u00ab\u00c0 cause du manque d\u2019oxyg\u00e8ne, une proche atteinte de la Covid-19 a \u00e9t\u00e9 transf\u00e9r\u00e9e, ce vendredi, de l\u2019h\u00f4pital Dr Khaled \u00e0 celui de Yess\u00e2d Khaled, dans la ville de Mascara\u00bb, t\u00e9moigne Kada de la commune de Mamounia qui a perdu, jeudi, [&hellip;]<\/p>\n","protected":false},"author":1743,"featured_media":0,"comment_status":"closed","ping_status":"closed","sticky":false,"template":"","format":"standard","meta":{"fifu_image_url":"https:\/\/www.elwatan.com\/wp-content\/themes\/spectr\/img\/default-picture-709x366_c.jpg","fifu_image_alt":"Les h\u00f4pitaux \u00e0 la recherche d\u2019oxyg\u00e8ne m\u00e9dical","footnotes":""},"categories":[73,53],"tags":[],"class_list":["post-123135","post","type-post","status-publish","format-standard","hentry","category-actualite","category-algerie"],"_links":{"self":[{"href":"https:\/\/linitiative.ca\/International\/wp-json\/wp\/v2\/posts\/123135","targetHints":{"allow":["GET"]}}],"collection":[{"href":"https:\/\/linitiative.ca\/International\/wp-json\/wp\/v2\/posts"}],"about":[{"href":"https:\/\/linitiative.ca\/International\/wp-json\/wp\/v2\/types\/post"}],"author":[{"embeddable":true,"href":"https:\/\/linitiative.ca\/International\/wp-json\/wp\/v2\/users\/1743"}],"replies":[{"embeddable":true,"href":"https:\/\/linitiative.ca\/International\/wp-json\/wp\/v2\/comments?post=123135"}],"version-history":[{"count":0,"href":"https:\/\/linitiative.ca\/International\/wp-json\/wp\/v2\/posts\/123135\/revisions"}],"wp:attachment":[{"href":"https:\/\/linitiative.ca\/International\/wp-json\/wp\/v2\/media?parent=123135"}],"wp:term":[{"taxonomy":"category","embeddable":true,"href":"https:\/\/linitiative.ca\/International\/wp-json\/wp\/v2\/categories?post=123135"},{"taxonomy":"post_tag","embeddable":true,"href":"https:\/\/linitiative.ca\/International\/wp-json\/wp\/v2\/tags?post=123135"}],"curies":[{"name":"wp","href":"https:\/\/api.w.org\/{rel}","templated":true}]}}