{"id":123137,"date":"2021-08-03T06:30:16","date_gmt":"2021-08-03T10:30:16","guid":{"rendered":"https:\/\/linitiative.ca\/International\/annaba-extension-des-capacites-dhospitalisation-au-chu\/"},"modified":"2021-08-03T06:30:16","modified_gmt":"2021-08-03T10:30:16","slug":"annaba-extension-des-capacites-dhospitalisation-au-chu","status":"publish","type":"post","link":"https:\/\/linitiative.ca\/International\/annaba-extension-des-capacites-dhospitalisation-au-chu\/","title":{"rendered":"Annaba : Extension des capacit\u00e9s d\u2019hospitalisation au CHU"},"content":{"rendered":"<div>\n<div class=\"sriret\"><img decoding=\"async\" src=\"https:\/\/linitiative.ca\/International\/wp-content\/uploads\/sites\/23\/2021\/08\/default-picture-709x366_c-4.jpg\"><\/div>\n<p>Face \u00e0 l\u2019expansion des contaminations au coronavirus dans la wilaya de Annaba, le directeur de la sant\u00e9 de la wilaya, Dr Nacer Dam\u00e8che, a instruit les dirigeants du Centre hospitalier universitaire (CHU) Ibn Rochd \u00e0 l\u2019effet de proc\u00e9der \u00e0 des extensions dans les diff\u00e9rents services.<\/p>\n<p>C\u2019est ce qui a \u00e9t\u00e9 d\u00e9cid\u00e9 lors du dernier conseil scientifique dont les chefs de services ont pu d\u00e9gager pas moins de 48 lits. Ils seront mis, progressivement, \u00e0 la disposition de la prise en charge des malades hospitalis\u00e9s pour contamination \u00e0 la Covid-19 durant la premi\u00e8re semaine du mois en cours. Selon une note de service de la direction g\u00e9n\u00e9rale du CHU Ibn Rochd, consult\u00e9e par El Watan, les services concern\u00e9s par l\u2019extension graduelle sont\u00a0plusieurs.<\/p>\n<p>\u00a0<\/p>\n<p>\u00a0<\/p>\n<p>L\u2019article <a rel=\"nofollow\" href=\"https:\/\/www.elwatan.com\/edition\/actualite\/annaba-extension-des-capacites-dhospitalisation-au-chu-03-08-2021\">Annaba : Extension des capacit\u00e9s d\u2019hospitalisation au CHU<\/a> est apparu en premier sur <a rel=\"nofollow\" href=\"https:\/\/www.elwatan.com\/\">El Watan<\/a>.<\/p>\n<\/div>\n<p>Auteur: Hicham Chouadria<br \/>\n<a href=\"https:\/\/www.elwatan.com\/edition\/actualite\/annaba-extension-des-capacites-dhospitalisation-au-chu-03-08-2021\">Cliquez ici pour lire l&rsquo;article depuis sa source.<\/a><\/p>\n","protected":false},"excerpt":{"rendered":"<p>Face \u00e0 l\u2019expansion des contaminations au coronavirus dans la wilaya de Annaba, le directeur de la sant\u00e9 de la wilaya, Dr Nacer Dam\u00e8che, a instruit les dirigeants du Centre hospitalier universitaire (CHU) Ibn Rochd \u00e0 l\u2019effet de proc\u00e9der \u00e0 des extensions dans les diff\u00e9rents services. C\u2019est ce qui a \u00e9t\u00e9 d\u00e9cid\u00e9 lors du dernier conseil [&hellip;]<\/p>\n","protected":false},"author":1743,"featured_media":0,"comment_status":"closed","ping_status":"closed","sticky":false,"template":"","format":"standard","meta":{"fifu_image_url":"https:\/\/www.elwatan.com\/wp-content\/themes\/spectr\/img\/default-picture-709x366_c.jpg","fifu_image_alt":"Annaba : Extension des capacit\u00e9s d\u2019hospitalisation au CHU","footnotes":""},"categories":[73,53],"tags":[],"class_list":["post-123137","post","type-post","status-publish","format-standard","hentry","category-actualite","category-algerie"],"_links":{"self":[{"href":"https:\/\/linitiative.ca\/International\/wp-json\/wp\/v2\/posts\/123137","targetHints":{"allow":["GET"]}}],"collection":[{"href":"https:\/\/linitiative.ca\/International\/wp-json\/wp\/v2\/posts"}],"about":[{"href":"https:\/\/linitiative.ca\/International\/wp-json\/wp\/v2\/types\/post"}],"author":[{"embeddable":true,"href":"https:\/\/linitiative.ca\/International\/wp-json\/wp\/v2\/users\/1743"}],"replies":[{"embeddable":true,"href":"https:\/\/linitiative.ca\/International\/wp-json\/wp\/v2\/comments?post=123137"}],"version-history":[{"count":0,"href":"https:\/\/linitiative.ca\/International\/wp-json\/wp\/v2\/posts\/123137\/revisions"}],"wp:attachment":[{"href":"https:\/\/linitiative.ca\/International\/wp-json\/wp\/v2\/media?parent=123137"}],"wp:term":[{"taxonomy":"category","embeddable":true,"href":"https:\/\/linitiative.ca\/International\/wp-json\/wp\/v2\/categories?post=123137"},{"taxonomy":"post_tag","embeddable":true,"href":"https:\/\/linitiative.ca\/International\/wp-json\/wp\/v2\/tags?post=123137"}],"curies":[{"name":"wp","href":"https:\/\/api.w.org\/{rel}","templated":true}]}}