{"id":123139,"date":"2021-08-03T06:30:38","date_gmt":"2021-08-03T10:30:38","guid":{"rendered":"https:\/\/linitiative.ca\/International\/un-formidable-elan-de-solidarite-prend-forme-dans-la-wilaya\/"},"modified":"2021-08-03T06:30:38","modified_gmt":"2021-08-03T10:30:38","slug":"un-formidable-elan-de-solidarite-prend-forme-dans-la-wilaya","status":"publish","type":"post","link":"https:\/\/linitiative.ca\/International\/un-formidable-elan-de-solidarite-prend-forme-dans-la-wilaya\/","title":{"rendered":"Un formidable \u00e9lan de solidarit\u00e9 prend forme dans la wilaya"},"content":{"rendered":"<div>\n<div class=\"sriret\"><img decoding=\"async\" src=\"https:\/\/linitiative.ca\/International\/wp-content\/uploads\/sites\/23\/2021\/08\/default-picture-709x366_c-5.jpg\"><\/div>\n<p>Plusieurs parties responsables, associations et autres personnes physiques qui ont requis l\u2019anonymat, ont favorablement r\u00e9pondu aux appels d\u2019urgence des structures hospitali\u00e8res s\u2019agissant de la prise en charge des malades, notamment pour ce qui est de l\u2019oxyg\u00e9noth\u00e9rapie.<\/p>\n<p>C\u2019est d\u2019abord un apport de plus de deux milliards de centimes d\u00e9bloqu\u00e9s par la Wilaya aux premiers jours du pic de contamination au profit du secteur de la sant\u00e9 avec comme intitul\u00e9 l\u2019acquisition de l\u2019\u00e9quipement demand\u00e9 par le service Covid. Des investisseurs priv\u00e9s ont promis une aide de 10 milliards de centimes et le nombre des bienfaiteurs va crescendo, selon des sources concordantes.<\/p>\n<p>\u00a0<\/p>\n<p>*Retrouvez l\u2019int\u00e9gralit\u00e9 de nos articles sur la version papier<\/p>\n<p>L\u2019article <a rel=\"nofollow\" href=\"https:\/\/www.elwatan.com\/edition\/actualite\/un-formidable-elan-de-solidarite-prend-forme-dans-la-wilaya-03-08-2021\">Un formidable \u00e9lan de solidarit\u00e9 prend forme dans la wilaya<\/a> est apparu en premier sur <a rel=\"nofollow\" href=\"https:\/\/www.elwatan.com\/\">El Watan<\/a>.<\/p>\n<\/div>\n<p>Auteur: Hicham Chouadria<br \/>\n<a href=\"https:\/\/www.elwatan.com\/edition\/actualite\/un-formidable-elan-de-solidarite-prend-forme-dans-la-wilaya-03-08-2021\">Cliquez ici pour lire l&rsquo;article depuis sa source.<\/a><\/p>\n","protected":false},"excerpt":{"rendered":"<p>Plusieurs parties responsables, associations et autres personnes physiques qui ont requis l\u2019anonymat, ont favorablement r\u00e9pondu aux appels d\u2019urgence des structures hospitali\u00e8res s\u2019agissant de la prise en charge des malades, notamment pour ce qui est de l\u2019oxyg\u00e9noth\u00e9rapie. C\u2019est d\u2019abord un apport de plus de deux milliards de centimes d\u00e9bloqu\u00e9s par la Wilaya aux premiers jours du [&hellip;]<\/p>\n","protected":false},"author":1743,"featured_media":0,"comment_status":"closed","ping_status":"closed","sticky":false,"template":"","format":"standard","meta":{"fifu_image_url":"https:\/\/www.elwatan.com\/wp-content\/themes\/spectr\/img\/default-picture-709x366_c.jpg","fifu_image_alt":"Un formidable \u00e9lan de solidarit\u00e9 prend forme dans la wilaya","footnotes":""},"categories":[73,53],"tags":[],"class_list":["post-123139","post","type-post","status-publish","format-standard","hentry","category-actualite","category-algerie"],"_links":{"self":[{"href":"https:\/\/linitiative.ca\/International\/wp-json\/wp\/v2\/posts\/123139","targetHints":{"allow":["GET"]}}],"collection":[{"href":"https:\/\/linitiative.ca\/International\/wp-json\/wp\/v2\/posts"}],"about":[{"href":"https:\/\/linitiative.ca\/International\/wp-json\/wp\/v2\/types\/post"}],"author":[{"embeddable":true,"href":"https:\/\/linitiative.ca\/International\/wp-json\/wp\/v2\/users\/1743"}],"replies":[{"embeddable":true,"href":"https:\/\/linitiative.ca\/International\/wp-json\/wp\/v2\/comments?post=123139"}],"version-history":[{"count":0,"href":"https:\/\/linitiative.ca\/International\/wp-json\/wp\/v2\/posts\/123139\/revisions"}],"wp:attachment":[{"href":"https:\/\/linitiative.ca\/International\/wp-json\/wp\/v2\/media?parent=123139"}],"wp:term":[{"taxonomy":"category","embeddable":true,"href":"https:\/\/linitiative.ca\/International\/wp-json\/wp\/v2\/categories?post=123139"},{"taxonomy":"post_tag","embeddable":true,"href":"https:\/\/linitiative.ca\/International\/wp-json\/wp\/v2\/tags?post=123139"}],"curies":[{"name":"wp","href":"https:\/\/api.w.org\/{rel}","templated":true}]}}