{"id":123141,"date":"2021-08-03T06:35:50","date_gmt":"2021-08-03T10:35:50","guid":{"rendered":"https:\/\/linitiative.ca\/International\/crise-de-loxygene-les-explications-de-benbouzid\/"},"modified":"2021-08-03T06:35:50","modified_gmt":"2021-08-03T10:35:50","slug":"crise-de-loxygene-les-explications-de-benbouzid","status":"publish","type":"post","link":"https:\/\/linitiative.ca\/International\/crise-de-loxygene-les-explications-de-benbouzid\/","title":{"rendered":"Crise de l\u2019oxyg\u00e8ne : les explications de Benbouzid"},"content":{"rendered":"<div>\n<div class=\"sriret\"><img decoding=\"async\" src=\"https:\/\/linitiative.ca\/International\/wp-content\/uploads\/sites\/23\/2021\/08\/default-picture-709x366_c-6.jpg\"><\/div>\n<p>Le ministre de la Sant\u00e9, Abderrahmane Benbouzid, qui a ni\u00e9, hier \u00e0 Alger, l\u2019existence d\u2019une crise de l\u2019oxyg\u00e8ne m\u00e9dical, a reconnu que les autorit\u00e9s du pays \u00e9taient prises de court par le variant Delta du coronavirus, plus contagieux. \u00abLe nombre des contaminations a augment\u00e9 de mani\u00e8re fulgurante depuis le mois de juillet.<\/p>\n<p>Il n\u2019y pas un d\u00e9ficit d\u2019oxyg\u00e8ne m\u00e9dical, mais il y a eu une demande tr\u00e8s importante sur ce produit vital. De nombreux cas contamin\u00e9s par le variant \u00a0Delta\u00a0arrivaient aux h\u00f4pitaux dans un \u00e9tat avanc\u00e9, dans lequel leur corps ne pouvait pas recevoir d\u2019oxyg\u00e8ne, m\u00eame si des appareils respiratoires \u00e9taient plac\u00e9s pour eux, en raison du dommage caus\u00e9 aux poumons. Ce qui am\u00e8ne les autorit\u00e9s sanitaires \u00e0 fournir ce produit au profit des cas gu\u00e9rissables\u00bb, a soulign\u00e9 le ministre de la Sant\u00e9 lors du lancement de la campagne de vaccination au niveau de l\u2019Ecole nationale sup\u00e9rieure du tourisme (ENST) \u00e0 l\u2019h\u00f4tel Aurassi. \u00abLes d\u00e9c\u00e8s enregistr\u00e9s actuellement sont caus\u00e9s par l\u2019agressivit\u00e9 du virus et non par le manque d\u2019oxyg\u00e8ne.<\/p>\n<p>\u00a0<\/p>\n<p>*Retrouvez l\u2019int\u00e9gralit\u00e9 de nos articles sur la version papier<\/p>\n<p>L\u2019article <a rel=\"nofollow\" href=\"https:\/\/www.elwatan.com\/edition\/actualite\/crise-de-loxygene-les-explications-de-benbouzid-03-08-2021\">Crise de l\u2019oxyg\u00e8ne : les explications de Benbouzid<\/a> est apparu en premier sur <a rel=\"nofollow\" href=\"https:\/\/www.elwatan.com\/\">El Watan<\/a>.<\/p>\n<\/div>\n<p>Auteur: Hicham Chouadria<br \/>\n<a href=\"https:\/\/www.elwatan.com\/edition\/actualite\/crise-de-loxygene-les-explications-de-benbouzid-03-08-2021\">Cliquez ici pour lire l&rsquo;article depuis sa source.<\/a><\/p>\n","protected":false},"excerpt":{"rendered":"<p>Le ministre de la Sant\u00e9, Abderrahmane Benbouzid, qui a ni\u00e9, hier \u00e0 Alger, l\u2019existence d\u2019une crise de l\u2019oxyg\u00e8ne m\u00e9dical, a reconnu que les autorit\u00e9s du pays \u00e9taient prises de court par le variant Delta du coronavirus, plus contagieux. \u00abLe nombre des contaminations a augment\u00e9 de mani\u00e8re fulgurante depuis le mois de juillet. Il n\u2019y pas [&hellip;]<\/p>\n","protected":false},"author":1743,"featured_media":0,"comment_status":"closed","ping_status":"closed","sticky":false,"template":"","format":"standard","meta":{"fifu_image_url":"https:\/\/www.elwatan.com\/wp-content\/themes\/spectr\/img\/default-picture-709x366_c.jpg","fifu_image_alt":"Crise de l\u2019oxyg\u00e8ne : les explications de Benbouzid","footnotes":""},"categories":[73,53],"tags":[],"class_list":["post-123141","post","type-post","status-publish","format-standard","hentry","category-actualite","category-algerie"],"_links":{"self":[{"href":"https:\/\/linitiative.ca\/International\/wp-json\/wp\/v2\/posts\/123141","targetHints":{"allow":["GET"]}}],"collection":[{"href":"https:\/\/linitiative.ca\/International\/wp-json\/wp\/v2\/posts"}],"about":[{"href":"https:\/\/linitiative.ca\/International\/wp-json\/wp\/v2\/types\/post"}],"author":[{"embeddable":true,"href":"https:\/\/linitiative.ca\/International\/wp-json\/wp\/v2\/users\/1743"}],"replies":[{"embeddable":true,"href":"https:\/\/linitiative.ca\/International\/wp-json\/wp\/v2\/comments?post=123141"}],"version-history":[{"count":0,"href":"https:\/\/linitiative.ca\/International\/wp-json\/wp\/v2\/posts\/123141\/revisions"}],"wp:attachment":[{"href":"https:\/\/linitiative.ca\/International\/wp-json\/wp\/v2\/media?parent=123141"}],"wp:term":[{"taxonomy":"category","embeddable":true,"href":"https:\/\/linitiative.ca\/International\/wp-json\/wp\/v2\/categories?post=123141"},{"taxonomy":"post_tag","embeddable":true,"href":"https:\/\/linitiative.ca\/International\/wp-json\/wp\/v2\/tags?post=123141"}],"curies":[{"name":"wp","href":"https:\/\/api.w.org\/{rel}","templated":true}]}}