{"id":123145,"date":"2021-08-02T19:18:00","date_gmt":"2021-08-02T23:18:00","guid":{"rendered":"https:\/\/linitiative.ca\/International\/qui-est-nizar-ben-neji-charge-de-la-gestion-du-ministere-des-technologies-de-la-communication\/"},"modified":"2021-08-02T19:18:00","modified_gmt":"2021-08-02T23:18:00","slug":"qui-est-nizar-ben-neji-charge-de-la-gestion-du-ministere-des-technologies-de-la-communication","status":"publish","type":"post","link":"https:\/\/linitiative.ca\/International\/qui-est-nizar-ben-neji-charge-de-la-gestion-du-ministere-des-technologies-de-la-communication\/","title":{"rendered":"Qui est Nizar Ben Neji charg\u00e9 de la gestion du minist\u00e8re des Technologies de la Communication ?"},"content":{"rendered":"<div><img decoding=\"async\" src=\"https:\/\/linitiative.ca\/International\/wp-content\/uploads\/sites\/23\/2021\/08\/1627943010_article.jpg\" alt=\"Qui est Nizar Ben Neji charg\u00e9 de la gestion du minist\u00e8re des Technologies de la Communication ?\" align=\"left\">Nizar Ben Neji, nomm\u00e9 \u00e0 la t\u00eate du minist\u00e8re des Technologie de la communication est docteur en TIC (Technologies de l\u2019Information et de la T\u00e9l\u00e9communication) dipl\u00f4m\u00e9 de l\u2019Ecole sup\u00e9rieure des Communications de Tunis (Sup\u2019Com).\u00a0Il a \u00e9galement effectu\u00e9 des \u00e9tudes postdoctorales \u00e0 l&rsquo;Universit\u00e9 de Massachussetts aux Etats-Unis d&rsquo;Am\u00e9rique. A la base, il est ing\u00e9nieur en informatique dipl\u00f4m\u00e9 de l\u2019ENSI (Ecole Nationale des Sciences de l\u2019Informatique).<\/p>\n<p>Le nouveau ministre a d\u00e9but\u00e9 sa carri\u00e8re dans le domaine des TIC \u00e0 l\u2019Agence Nationale de Certification Electronique (ANCE) en tant que charg\u00e9 de l&rsquo;accompagnement des entreprises publiques et priv\u00e9es dans la &#8230;<\/p>\n<\/div>\n<p>Auteur:<br \/>\n<a href=\"https:\/\/www.leaders.com.tn\/article\/32237-qui-est-nizar-ben-neji-charge-de-la-gestion-du-ministere-des-technologies-de-la-communication\">Cliquez ici pour lire l&rsquo;article depuis sa source.<\/a><\/p>\n","protected":false},"excerpt":{"rendered":"<p>Nizar Ben Neji, nomm\u00e9 \u00e0 la t\u00eate du minist\u00e8re des Technologie de la communication est docteur en TIC (Technologies de l\u2019Information et de la T\u00e9l\u00e9communication) dipl\u00f4m\u00e9 de l\u2019Ecole sup\u00e9rieure des Communications de Tunis (Sup\u2019Com).\u00a0Il a \u00e9galement effectu\u00e9 des \u00e9tudes postdoctorales \u00e0 l&rsquo;Universit\u00e9 de Massachussetts aux Etats-Unis d&rsquo;Am\u00e9rique. A la base, il est ing\u00e9nieur en informatique [&hellip;]<\/p>\n","protected":false},"author":1772,"featured_media":0,"comment_status":"closed","ping_status":"closed","sticky":false,"template":"","format":"standard","meta":{"fifu_image_url":"http:\/\/www.leaders.com.tn\/uploads\/content\/thumbnails_small\/1627943010_article.jpg","fifu_image_alt":"Qui est Nizar Ben Neji charg\u00e9 de la gestion du minist\u00e8re des Technologies de la Communication ?","footnotes":""},"categories":[73,55],"tags":[],"class_list":["post-123145","post","type-post","status-publish","format-standard","hentry","category-actualite","category-tunisie"],"_links":{"self":[{"href":"https:\/\/linitiative.ca\/International\/wp-json\/wp\/v2\/posts\/123145","targetHints":{"allow":["GET"]}}],"collection":[{"href":"https:\/\/linitiative.ca\/International\/wp-json\/wp\/v2\/posts"}],"about":[{"href":"https:\/\/linitiative.ca\/International\/wp-json\/wp\/v2\/types\/post"}],"author":[{"embeddable":true,"href":"https:\/\/linitiative.ca\/International\/wp-json\/wp\/v2\/users\/1772"}],"replies":[{"embeddable":true,"href":"https:\/\/linitiative.ca\/International\/wp-json\/wp\/v2\/comments?post=123145"}],"version-history":[{"count":0,"href":"https:\/\/linitiative.ca\/International\/wp-json\/wp\/v2\/posts\/123145\/revisions"}],"wp:attachment":[{"href":"https:\/\/linitiative.ca\/International\/wp-json\/wp\/v2\/media?parent=123145"}],"wp:term":[{"taxonomy":"category","embeddable":true,"href":"https:\/\/linitiative.ca\/International\/wp-json\/wp\/v2\/categories?post=123145"},{"taxonomy":"post_tag","embeddable":true,"href":"https:\/\/linitiative.ca\/International\/wp-json\/wp\/v2\/tags?post=123145"}],"curies":[{"name":"wp","href":"https:\/\/api.w.org\/{rel}","templated":true}]}}