{"id":123156,"date":"2021-08-03T06:00:00","date_gmt":"2021-08-03T10:00:00","guid":{"rendered":"https:\/\/linitiative.ca\/International\/pres-de-30-de-la-population-ne-peut-pas-partir-en-vacances\/"},"modified":"2021-08-03T06:00:00","modified_gmt":"2021-08-03T10:00:00","slug":"pres-de-30-de-la-population-ne-peut-pas-partir-en-vacances","status":"publish","type":"post","link":"https:\/\/linitiative.ca\/International\/pres-de-30-de-la-population-ne-peut-pas-partir-en-vacances\/","title":{"rendered":"Pr\u00e8s de 30% de la population ne peut  pas partir en vacances"},"content":{"rendered":"<div>Quelque 28% des Europ\u00e9ens n&rsquo;ont pas les moyens de passer une semaine de vacances en dehors de chez eux, un chiffre qui grimpe \u00e0 60% pour les travailleurs pauvres, selon une \u00e9tude de la<\/div>\n<p>Auteur:<br \/>\n<a href=\"https:\/\/www.lesoirdalgerie.com\/monde\/pres-de-30-de-la-population-ne-peut-pas-partir-en-vacances-65281\">Cliquez ici pour lire l&rsquo;article depuis sa source.<\/a><\/p>\n","protected":false},"excerpt":{"rendered":"<p>Quelque 28% des Europ\u00e9ens n&rsquo;ont pas les moyens de passer une semaine de vacances en dehors de chez eux, un chiffre qui grimpe \u00e0 60% pour les travailleurs pauvres, selon une \u00e9tude de la Auteur: Cliquez ici pour lire l&rsquo;article depuis sa source.<\/p>\n","protected":false},"author":1741,"featured_media":0,"comment_status":"closed","ping_status":"closed","sticky":false,"template":"","format":"standard","meta":{"fifu_image_url":"","fifu_image_alt":"","footnotes":""},"categories":[73,53],"tags":[],"class_list":["post-123156","post","type-post","status-publish","format-standard","hentry","category-actualite","category-algerie"],"_links":{"self":[{"href":"https:\/\/linitiative.ca\/International\/wp-json\/wp\/v2\/posts\/123156","targetHints":{"allow":["GET"]}}],"collection":[{"href":"https:\/\/linitiative.ca\/International\/wp-json\/wp\/v2\/posts"}],"about":[{"href":"https:\/\/linitiative.ca\/International\/wp-json\/wp\/v2\/types\/post"}],"author":[{"embeddable":true,"href":"https:\/\/linitiative.ca\/International\/wp-json\/wp\/v2\/users\/1741"}],"replies":[{"embeddable":true,"href":"https:\/\/linitiative.ca\/International\/wp-json\/wp\/v2\/comments?post=123156"}],"version-history":[{"count":0,"href":"https:\/\/linitiative.ca\/International\/wp-json\/wp\/v2\/posts\/123156\/revisions"}],"wp:attachment":[{"href":"https:\/\/linitiative.ca\/International\/wp-json\/wp\/v2\/media?parent=123156"}],"wp:term":[{"taxonomy":"category","embeddable":true,"href":"https:\/\/linitiative.ca\/International\/wp-json\/wp\/v2\/categories?post=123156"},{"taxonomy":"post_tag","embeddable":true,"href":"https:\/\/linitiative.ca\/International\/wp-json\/wp\/v2\/tags?post=123156"}],"curies":[{"name":"wp","href":"https:\/\/api.w.org\/{rel}","templated":true}]}}