{"id":123157,"date":"2021-08-03T06:00:00","date_gmt":"2021-08-03T10:00:00","guid":{"rendered":"https:\/\/linitiative.ca\/International\/le-parlement-poursuit-lexamen-des-conditions-de-lelection-du-prochain-president\/"},"modified":"2021-08-03T06:00:00","modified_gmt":"2021-08-03T10:00:00","slug":"le-parlement-poursuit-lexamen-des-conditions-de-lelection-du-prochain-president","status":"publish","type":"post","link":"https:\/\/linitiative.ca\/International\/le-parlement-poursuit-lexamen-des-conditions-de-lelection-du-prochain-president\/","title":{"rendered":"Le Parlement poursuit l&rsquo;examen des conditions de l&rsquo;\u00e9lection du prochain  pr\u00e9sident"},"content":{"rendered":"<div>La Chambre des repr\u00e9sentants du peuple( Parlement) en Libye poursuivait lundi l&rsquo;examen des conditions de l&rsquo;\u00e9lection du prochain pr\u00e9sident de la R\u00e9publique, rapportent des m\u00e9dias locaux. \u00abLe Parlement a<\/div>\n<p>Auteur:<br \/>\n<a href=\"https:\/\/www.lesoirdalgerie.com\/monde\/le-parlement-poursuit-lexamen-des-conditions-de-lelection-du-prochain-president-65280\">Cliquez ici pour lire l&rsquo;article depuis sa source.<\/a><\/p>\n","protected":false},"excerpt":{"rendered":"<p>La Chambre des repr\u00e9sentants du peuple( Parlement) en Libye poursuivait lundi l&rsquo;examen des conditions de l&rsquo;\u00e9lection du prochain pr\u00e9sident de la R\u00e9publique, rapportent des m\u00e9dias locaux. \u00abLe Parlement a Auteur: Cliquez ici pour lire l&rsquo;article depuis sa source.<\/p>\n","protected":false},"author":1741,"featured_media":0,"comment_status":"closed","ping_status":"closed","sticky":false,"template":"","format":"standard","meta":{"fifu_image_url":"","fifu_image_alt":"","footnotes":""},"categories":[73,53],"tags":[],"class_list":["post-123157","post","type-post","status-publish","format-standard","hentry","category-actualite","category-algerie"],"_links":{"self":[{"href":"https:\/\/linitiative.ca\/International\/wp-json\/wp\/v2\/posts\/123157","targetHints":{"allow":["GET"]}}],"collection":[{"href":"https:\/\/linitiative.ca\/International\/wp-json\/wp\/v2\/posts"}],"about":[{"href":"https:\/\/linitiative.ca\/International\/wp-json\/wp\/v2\/types\/post"}],"author":[{"embeddable":true,"href":"https:\/\/linitiative.ca\/International\/wp-json\/wp\/v2\/users\/1741"}],"replies":[{"embeddable":true,"href":"https:\/\/linitiative.ca\/International\/wp-json\/wp\/v2\/comments?post=123157"}],"version-history":[{"count":0,"href":"https:\/\/linitiative.ca\/International\/wp-json\/wp\/v2\/posts\/123157\/revisions"}],"wp:attachment":[{"href":"https:\/\/linitiative.ca\/International\/wp-json\/wp\/v2\/media?parent=123157"}],"wp:term":[{"taxonomy":"category","embeddable":true,"href":"https:\/\/linitiative.ca\/International\/wp-json\/wp\/v2\/categories?post=123157"},{"taxonomy":"post_tag","embeddable":true,"href":"https:\/\/linitiative.ca\/International\/wp-json\/wp\/v2\/tags?post=123157"}],"curies":[{"name":"wp","href":"https:\/\/api.w.org\/{rel}","templated":true}]}}