{"id":123160,"date":"2021-08-03T10:17:59","date_gmt":"2021-08-03T14:17:59","guid":{"rendered":"https:\/\/linitiative.ca\/International\/maroc-un-pic-epidemique-est-attendu-ces-jours-prochains-dans-le-royaume\/"},"modified":"2021-08-03T10:17:59","modified_gmt":"2021-08-03T14:17:59","slug":"maroc-un-pic-epidemique-est-attendu-ces-jours-prochains-dans-le-royaume","status":"publish","type":"post","link":"https:\/\/linitiative.ca\/International\/maroc-un-pic-epidemique-est-attendu-ces-jours-prochains-dans-le-royaume\/","title":{"rendered":"Maroc. Un pic \u00e9pid\u00e9mique est attendu ces jours prochains dans le Royaume"},"content":{"rendered":"<div><img decoding=\"async\" width=\"746\" height=\"380\" src=\"https:\/\/linitiative.ca\/International\/wp-content\/uploads\/sites\/23\/2021\/08\/Ambulance-covid-19-Coronavirus-4.jpg\" class=\"attachment-post-thumbnail size-post-thumbnail wp-post-image\" alt=\"\" loading=\"lazy\" srcset=\"https:\/\/linitiative.ca\/International\/wp-content\/uploads\/sites\/23\/2021\/08\/Ambulance-covid-19-Coronavirus-4.jpg 746w, https:\/\/www.challenge.ma\/wp-content\/uploads\/2021\/08\/Ambulance-covid-19-Coronavirus-4-300x153.jpg 300w, https:\/\/www.challenge.ma\/wp-content\/uploads\/2021\/08\/Ambulance-covid-19-Coronavirus-4-360x183.jpg 360w\" sizes=\"auto, (max-width: 746px) 100vw, 746px\" itemprop=\"image\">L\u2019ensemble des indicateurs \u00e9pid\u00e9miologiques confirment l\u2019entr\u00e9e du Maroc dans la phase de transmission communautaire, et ce depuis cinq \u00e0 six semaines, avec un pic attendu ces jours prochains. C\u2019est l\u2019analyse qui ressort du bilan bimensuel sur l\u2019\u00e9volution de la situation de la Covid-19 \u00e9tabli par le minist\u00e8re de la Sant\u00e9.<\/div>\n<p>Auteur: challenge<br \/>\n<a href=\"https:\/\/www.challenge.ma\/covid-19-un-pic-epidemique-est-attendu-ses-jours-prochains-dans-le-royaume-194836\/\">Cliquez ici pour lire l&rsquo;article depuis sa source.<\/a><\/p>\n","protected":false},"excerpt":{"rendered":"<p>L\u2019ensemble des indicateurs \u00e9pid\u00e9miologiques confirment l\u2019entr\u00e9e du Maroc dans la phase de transmission communautaire, et ce depuis cinq \u00e0 six semaines, avec un pic attendu ces jours prochains. C\u2019est l\u2019analyse qui ressort du bilan bimensuel sur l\u2019\u00e9volution de la situation de la Covid-19 \u00e9tabli par le minist\u00e8re de la Sant\u00e9. Auteur: challenge Cliquez ici pour [&hellip;]<\/p>\n","protected":false},"author":1787,"featured_media":0,"comment_status":"closed","ping_status":"closed","sticky":false,"template":"","format":"standard","meta":{"fifu_image_url":"https:\/\/www.challenge.ma\/wp-content\/uploads\/2021\/08\/Ambulance-covid-19-Coronavirus-4.jpg","fifu_image_alt":"Maroc. Un pic \u00e9pid\u00e9mique est attendu ces jours prochains dans le Royaume","footnotes":""},"categories":[78,54],"tags":[],"class_list":["post-123160","post","type-post","status-publish","format-standard","hentry","category-economie","category-maroc"],"_links":{"self":[{"href":"https:\/\/linitiative.ca\/International\/wp-json\/wp\/v2\/posts\/123160","targetHints":{"allow":["GET"]}}],"collection":[{"href":"https:\/\/linitiative.ca\/International\/wp-json\/wp\/v2\/posts"}],"about":[{"href":"https:\/\/linitiative.ca\/International\/wp-json\/wp\/v2\/types\/post"}],"author":[{"embeddable":true,"href":"https:\/\/linitiative.ca\/International\/wp-json\/wp\/v2\/users\/1787"}],"replies":[{"embeddable":true,"href":"https:\/\/linitiative.ca\/International\/wp-json\/wp\/v2\/comments?post=123160"}],"version-history":[{"count":0,"href":"https:\/\/linitiative.ca\/International\/wp-json\/wp\/v2\/posts\/123160\/revisions"}],"wp:attachment":[{"href":"https:\/\/linitiative.ca\/International\/wp-json\/wp\/v2\/media?parent=123160"}],"wp:term":[{"taxonomy":"category","embeddable":true,"href":"https:\/\/linitiative.ca\/International\/wp-json\/wp\/v2\/categories?post=123160"},{"taxonomy":"post_tag","embeddable":true,"href":"https:\/\/linitiative.ca\/International\/wp-json\/wp\/v2\/tags?post=123160"}],"curies":[{"name":"wp","href":"https:\/\/api.w.org\/{rel}","templated":true}]}}