{"id":123164,"date":"2021-08-03T13:48:08","date_gmt":"2021-08-03T17:48:08","guid":{"rendered":"https:\/\/linitiative.ca\/International\/marche-des-voitures-neuves-les-ventes-progressent-a-fin-juillet\/"},"modified":"2021-08-03T13:48:08","modified_gmt":"2021-08-03T17:48:08","slug":"marche-des-voitures-neuves-les-ventes-progressent-a-fin-juillet","status":"publish","type":"post","link":"https:\/\/linitiative.ca\/International\/marche-des-voitures-neuves-les-ventes-progressent-a-fin-juillet\/","title":{"rendered":"March\u00e9 des voitures neuves. Les ventes progressent \u00e0 fin juillet"},"content":{"rendered":"<div><img decoding=\"async\" width=\"509\" height=\"339\" src=\"https:\/\/linitiative.ca\/International\/wp-content\/uploads\/sites\/23\/2021\/08\/Marche-auto-555.jpg\" class=\"attachment-post-thumbnail size-post-thumbnail wp-post-image\" alt=\"\" loading=\"lazy\" srcset=\"https:\/\/linitiative.ca\/International\/wp-content\/uploads\/sites\/23\/2021\/08\/Marche-auto-555.jpg 509w, https:\/\/www.challenge.ma\/wp-content\/uploads\/2021\/08\/Marche-auto-555-300x200.jpg 300w, https:\/\/www.challenge.ma\/wp-content\/uploads\/2021\/08\/Marche-auto-555-360x240.jpg 360w\" sizes=\"auto, (max-width: 509px) 100vw, 509px\" itemprop=\"image\">Le march\u00e9 automobile des voitures neuves dans le Royaume maintient son trend haussier. \u00c0 l\u2019entame du 2\u00e8me semestre, et au regard des statistiques fra\u00eechement communiqu\u00e9es par l\u2019Association des importateurs de v\u00e9hicules automobiles au Maroc (AIVAM), il a enregistr\u00e9 \u00e0 fin juillet une progression de 14,5 % compar\u00e9e \u00e0 la m\u00eame<\/div>\n<p>Auteur: David J\u00e9r\u00e9mie<br \/>\n<a href=\"https:\/\/www.challenge.ma\/marche-des-voitures-neuves-les-ventes-progressent-de-145-a-fin-juillet-194857\/\">Cliquez ici pour lire l&rsquo;article depuis sa source.<\/a><\/p>\n","protected":false},"excerpt":{"rendered":"<p>Le march\u00e9 automobile des voitures neuves dans le Royaume maintient son trend haussier. \u00c0 l\u2019entame du 2\u00e8me semestre, et au regard des statistiques fra\u00eechement communiqu\u00e9es par l\u2019Association des importateurs de v\u00e9hicules automobiles au Maroc (AIVAM), il a enregistr\u00e9 \u00e0 fin juillet une progression de 14,5 % compar\u00e9e \u00e0 la m\u00eame Auteur: David J\u00e9r\u00e9mie Cliquez ici [&hellip;]<\/p>\n","protected":false},"author":1787,"featured_media":0,"comment_status":"closed","ping_status":"closed","sticky":false,"template":"","format":"standard","meta":{"fifu_image_url":"https:\/\/www.challenge.ma\/wp-content\/uploads\/2021\/08\/Marche-auto-555.jpg","fifu_image_alt":"March\u00e9 des voitures neuves. Les ventes progressent \u00e0 fin juillet","footnotes":""},"categories":[78,54],"tags":[],"class_list":["post-123164","post","type-post","status-publish","format-standard","hentry","category-economie","category-maroc"],"_links":{"self":[{"href":"https:\/\/linitiative.ca\/International\/wp-json\/wp\/v2\/posts\/123164","targetHints":{"allow":["GET"]}}],"collection":[{"href":"https:\/\/linitiative.ca\/International\/wp-json\/wp\/v2\/posts"}],"about":[{"href":"https:\/\/linitiative.ca\/International\/wp-json\/wp\/v2\/types\/post"}],"author":[{"embeddable":true,"href":"https:\/\/linitiative.ca\/International\/wp-json\/wp\/v2\/users\/1787"}],"replies":[{"embeddable":true,"href":"https:\/\/linitiative.ca\/International\/wp-json\/wp\/v2\/comments?post=123164"}],"version-history":[{"count":0,"href":"https:\/\/linitiative.ca\/International\/wp-json\/wp\/v2\/posts\/123164\/revisions"}],"wp:attachment":[{"href":"https:\/\/linitiative.ca\/International\/wp-json\/wp\/v2\/media?parent=123164"}],"wp:term":[{"taxonomy":"category","embeddable":true,"href":"https:\/\/linitiative.ca\/International\/wp-json\/wp\/v2\/categories?post=123164"},{"taxonomy":"post_tag","embeddable":true,"href":"https:\/\/linitiative.ca\/International\/wp-json\/wp\/v2\/tags?post=123164"}],"curies":[{"name":"wp","href":"https:\/\/api.w.org\/{rel}","templated":true}]}}