{"id":123168,"date":"2021-08-03T16:09:34","date_gmt":"2021-08-03T20:09:34","guid":{"rendered":"https:\/\/linitiative.ca\/International\/exclusif-photos-des-anciens-deputes-entament-une-action-judiciaire-pour-annuler-le-decret-presidentiel-n80\/"},"modified":"2021-08-03T16:09:34","modified_gmt":"2021-08-03T20:09:34","slug":"exclusif-photos-des-anciens-deputes-entament-une-action-judiciaire-pour-annuler-le-decret-presidentiel-n80","status":"publish","type":"post","link":"https:\/\/linitiative.ca\/International\/exclusif-photos-des-anciens-deputes-entament-une-action-judiciaire-pour-annuler-le-decret-presidentiel-n80\/","title":{"rendered":"Exclusif [PHOTOS]: Des anciens d\u00e9put\u00e9s entament une action judiciaire pour annuler le d\u00e9cret pr\u00e9sidentiel n\u00b080"},"content":{"rendered":"<div>\n<p>Des anciens d\u00e9put\u00e9s de l\u2019Assembl\u00e9e Nationale Constituante ont entam\u00e9 aujourd\u2019hui, 03 ao\u00fbt 2021, une action judiciaire par devant le Tribunal Administratif pour annuler le d\u00e9cret pr\u00e9sidentiel n\u00b080 relatif \u00e0 la suspension des travaux du Parlement et ce en se basant sur la loi n\u00b030 de l\u2019ann\u00e9e 1968 du 29 novembre 1968.<\/p>\n<p>L\u2019article <a href=\"https:\/\/www.tunisienumerique.com\/exclusif-photos-des-anciens-deputes-entament-une-action-judiciaire-pour-annuler-le-decret-presidentiel-n80\/\">Exclusif [PHOTOS]: Des anciens d\u00e9put\u00e9s entament une action judiciaire pour annuler le d\u00e9cret pr\u00e9sidentiel n\u00b080<\/a> est apparu en premier sur <a href=\"https:\/\/www.tunisienumerique.com\/\">Tunisie<\/a>.<\/p>\n<\/div>\n<p>Auteur: rania ben slimane<br \/>\n<a href=\"https:\/\/www.tunisienumerique.com\/exclusif-photos-des-anciens-deputes-entament-une-action-judiciaire-pour-annuler-le-decret-presidentiel-n80\/\">Cliquez ici pour lire l&rsquo;article depuis sa source.<\/a><\/p>\n","protected":false},"excerpt":{"rendered":"<p>Des anciens d\u00e9put\u00e9s de l\u2019Assembl\u00e9e Nationale Constituante ont entam\u00e9 aujourd\u2019hui, 03 ao\u00fbt 2021, une action judiciaire par devant le Tribunal Administratif pour annuler le d\u00e9cret pr\u00e9sidentiel n\u00b080 relatif \u00e0 la suspension des travaux du Parlement et ce en se basant sur la loi n\u00b030 de l\u2019ann\u00e9e 1968 du 29 novembre 1968. L\u2019article Exclusif [PHOTOS]: Des [&hellip;]<\/p>\n","protected":false},"author":1789,"featured_media":0,"comment_status":"closed","ping_status":"closed","sticky":false,"template":"","format":"standard","meta":{"fifu_image_url":"","fifu_image_alt":"","footnotes":""},"categories":[73,55],"tags":[],"class_list":["post-123168","post","type-post","status-publish","format-standard","hentry","category-actualite","category-tunisie"],"_links":{"self":[{"href":"https:\/\/linitiative.ca\/International\/wp-json\/wp\/v2\/posts\/123168","targetHints":{"allow":["GET"]}}],"collection":[{"href":"https:\/\/linitiative.ca\/International\/wp-json\/wp\/v2\/posts"}],"about":[{"href":"https:\/\/linitiative.ca\/International\/wp-json\/wp\/v2\/types\/post"}],"author":[{"embeddable":true,"href":"https:\/\/linitiative.ca\/International\/wp-json\/wp\/v2\/users\/1789"}],"replies":[{"embeddable":true,"href":"https:\/\/linitiative.ca\/International\/wp-json\/wp\/v2\/comments?post=123168"}],"version-history":[{"count":0,"href":"https:\/\/linitiative.ca\/International\/wp-json\/wp\/v2\/posts\/123168\/revisions"}],"wp:attachment":[{"href":"https:\/\/linitiative.ca\/International\/wp-json\/wp\/v2\/media?parent=123168"}],"wp:term":[{"taxonomy":"category","embeddable":true,"href":"https:\/\/linitiative.ca\/International\/wp-json\/wp\/v2\/categories?post=123168"},{"taxonomy":"post_tag","embeddable":true,"href":"https:\/\/linitiative.ca\/International\/wp-json\/wp\/v2\/tags?post=123168"}],"curies":[{"name":"wp","href":"https:\/\/api.w.org\/{rel}","templated":true}]}}