{"id":123172,"date":"2021-08-03T17:19:47","date_gmt":"2021-08-03T21:19:47","guid":{"rendered":"https:\/\/linitiative.ca\/International\/tunisie-pourquoi-lambassadeur-tunisien-a-washington-a-t-il-ete-limoge\/"},"modified":"2021-08-03T17:19:47","modified_gmt":"2021-08-03T21:19:47","slug":"tunisie-pourquoi-lambassadeur-tunisien-a-washington-a-t-il-ete-limoge","status":"publish","type":"post","link":"https:\/\/linitiative.ca\/International\/tunisie-pourquoi-lambassadeur-tunisien-a-washington-a-t-il-ete-limoge\/","title":{"rendered":"Tunisie \u2013 Pourquoi l\u2019ambassadeur tunisien \u00e0 Washington a-t-il \u00e9t\u00e9 limog\u00e9\u00a0?"},"content":{"rendered":"<div>\n<p>Le pr\u00e9sident de la R\u00e9publique a d\u00e9cid\u00e9, ce mardi, de mettre fin aux fonctions de Nejmeddine Lakhal, en tant qu\u2019ambassadeur \u00e0 Washington. Pour Ka\u00efs Sa\u00efed, ce diplomate n\u2019aurait pas su d\u00e9fendre la cause de son pays, aupr\u00e8s des autorit\u00e9s am\u00e9ricaines, notamment, apr\u00e8s les d\u00e9cisions qu\u2019il a prises, le dimanche 25 juillet, en rapport avec le [\u2026]<\/p>\n<p>L\u2019article <a href=\"https:\/\/www.tunisienumerique.com\/tunisie-pourquoi-lambassadeur-tunisien-a-washington-a-t-il-ete-limoge\/\">Tunisie \u2013 Pourquoi l\u2019ambassadeur tunisien \u00e0 Washington a-t-il \u00e9t\u00e9 limog\u00e9\u00a0?<\/a> est apparu en premier sur <a href=\"https:\/\/www.tunisienumerique.com\/\">Tunisie<\/a>.<\/p>\n<\/div>\n<p>Auteur: LM<br \/>\n<a href=\"https:\/\/www.tunisienumerique.com\/tunisie-pourquoi-lambassadeur-tunisien-a-washington-a-t-il-ete-limoge\/\">Cliquez ici pour lire l&rsquo;article depuis sa source.<\/a><\/p>\n","protected":false},"excerpt":{"rendered":"<p>Le pr\u00e9sident de la R\u00e9publique a d\u00e9cid\u00e9, ce mardi, de mettre fin aux fonctions de Nejmeddine Lakhal, en tant qu\u2019ambassadeur \u00e0 Washington. Pour Ka\u00efs Sa\u00efed, ce diplomate n\u2019aurait pas su d\u00e9fendre la cause de son pays, aupr\u00e8s des autorit\u00e9s am\u00e9ricaines, notamment, apr\u00e8s les d\u00e9cisions qu\u2019il a prises, le dimanche 25 juillet, en rapport avec le [&hellip;]<\/p>\n","protected":false},"author":1789,"featured_media":0,"comment_status":"closed","ping_status":"closed","sticky":false,"template":"","format":"standard","meta":{"fifu_image_url":"","fifu_image_alt":"","footnotes":""},"categories":[73,55],"tags":[],"class_list":["post-123172","post","type-post","status-publish","format-standard","hentry","category-actualite","category-tunisie"],"_links":{"self":[{"href":"https:\/\/linitiative.ca\/International\/wp-json\/wp\/v2\/posts\/123172","targetHints":{"allow":["GET"]}}],"collection":[{"href":"https:\/\/linitiative.ca\/International\/wp-json\/wp\/v2\/posts"}],"about":[{"href":"https:\/\/linitiative.ca\/International\/wp-json\/wp\/v2\/types\/post"}],"author":[{"embeddable":true,"href":"https:\/\/linitiative.ca\/International\/wp-json\/wp\/v2\/users\/1789"}],"replies":[{"embeddable":true,"href":"https:\/\/linitiative.ca\/International\/wp-json\/wp\/v2\/comments?post=123172"}],"version-history":[{"count":0,"href":"https:\/\/linitiative.ca\/International\/wp-json\/wp\/v2\/posts\/123172\/revisions"}],"wp:attachment":[{"href":"https:\/\/linitiative.ca\/International\/wp-json\/wp\/v2\/media?parent=123172"}],"wp:term":[{"taxonomy":"category","embeddable":true,"href":"https:\/\/linitiative.ca\/International\/wp-json\/wp\/v2\/categories?post=123172"},{"taxonomy":"post_tag","embeddable":true,"href":"https:\/\/linitiative.ca\/International\/wp-json\/wp\/v2\/tags?post=123172"}],"curies":[{"name":"wp","href":"https:\/\/api.w.org\/{rel}","templated":true}]}}