{"id":123175,"date":"2021-08-03T15:38:33","date_gmt":"2021-08-03T19:38:33","guid":{"rendered":"https:\/\/linitiative.ca\/International\/independances-africaines\/"},"modified":"2021-08-03T15:38:33","modified_gmt":"2021-08-03T19:38:33","slug":"independances-africaines","status":"publish","type":"post","link":"https:\/\/linitiative.ca\/International\/independances-africaines\/","title":{"rendered":"INDEPENDANCES AFRICAINES  \u00a0"},"content":{"rendered":"<div>\n<p><img decoding=\"async\" width=\"549\" height=\"338\" src=\"https:\/\/linitiative.ca\/International\/wp-content\/uploads\/sites\/23\/2021\/08\/INDEPENDANCES-2.jpg\" class=\"attachment- size- wp-post-image\" alt=\"\" loading=\"lazy\" style=\"float:left; margin:0 15px 15px 0;\" srcset=\"https:\/\/linitiative.ca\/International\/wp-content\/uploads\/sites\/23\/2021\/08\/INDEPENDANCES-2.jpg 549w, https:\/\/lepays.bf\/wp-content\/uploads\/2021\/08\/INDEPENDANCES-2-300x185.jpg 300w\" sizes=\"auto, (max-width: 549px) 100vw, 549px\">\u00ab\u00a0Vous voulez l\u2019ind\u00e9pendance\u00a0? Prenez-la !\u00bb avait lanc\u00e9, exasp\u00e9r\u00e9, \u00a0le G\u00e9n\u00e9ral Charles De gaulle, le 26 ao\u00fbt 1958, \u00e0 Dakar, \u00e0 des manifestants pro-ind\u00e9pendantistes, lors de la tourn\u00e9e qui l\u2019avait men\u00e9 dans les grandes capitales des colonies fran\u00e7aises \u00e0 la veille du r\u00e9f\u00e9rendum d\u2019auto-d\u00e9termination. Mais le chef de l\u2019Etat fran\u00e7ais de l\u2019\u00e9poque, n\u2019avait pas tard\u00e9 \u00e0 \u2026<\/p>\n<p>L\u2019article <a rel=\"nofollow\" href=\"https:\/\/lepays.bf\/independances-africaines\/\">INDEPENDANCES AFRICAINES  \u00a0<\/a> est apparu en premier sur <a rel=\"nofollow\" href=\"https:\/\/lepays.bf\/\">Editions Le Pays<\/a>.<\/p>\n<\/div>\n<p>Auteur: Editions LEPAYS<br \/>\n<a href=\"https:\/\/lepays.bf\/independances-africaines\/\">Cliquez ici pour lire l&rsquo;article depuis sa source.<\/a><\/p>\n","protected":false},"excerpt":{"rendered":"<p>\u00ab\u00a0Vous voulez l\u2019ind\u00e9pendance\u00a0? Prenez-la !\u00bb avait lanc\u00e9, exasp\u00e9r\u00e9, \u00a0le G\u00e9n\u00e9ral Charles De gaulle, le 26 ao\u00fbt 1958, \u00e0 Dakar, \u00e0 des manifestants pro-ind\u00e9pendantistes, lors de la tourn\u00e9e qui l\u2019avait men\u00e9 dans les grandes capitales des colonies fran\u00e7aises \u00e0 la veille du r\u00e9f\u00e9rendum d\u2019auto-d\u00e9termination. Mais le chef de l\u2019Etat fran\u00e7ais de l\u2019\u00e9poque, n\u2019avait pas tard\u00e9 \u00e0 [&hellip;]<\/p>\n","protected":false},"author":1813,"featured_media":0,"comment_status":"closed","ping_status":"closed","sticky":false,"template":"","format":"standard","meta":{"fifu_image_url":"https:\/\/lepays.bf\/wp-content\/uploads\/2021\/08\/INDEPENDANCES-2.jpg","fifu_image_alt":"INDEPENDANCES AFRICAINES  \u00a0","footnotes":""},"categories":[73,81],"tags":[],"class_list":["post-123175","post","type-post","status-publish","format-standard","hentry","category-actualite","category-burkina-faso"],"_links":{"self":[{"href":"https:\/\/linitiative.ca\/International\/wp-json\/wp\/v2\/posts\/123175","targetHints":{"allow":["GET"]}}],"collection":[{"href":"https:\/\/linitiative.ca\/International\/wp-json\/wp\/v2\/posts"}],"about":[{"href":"https:\/\/linitiative.ca\/International\/wp-json\/wp\/v2\/types\/post"}],"author":[{"embeddable":true,"href":"https:\/\/linitiative.ca\/International\/wp-json\/wp\/v2\/users\/1813"}],"replies":[{"embeddable":true,"href":"https:\/\/linitiative.ca\/International\/wp-json\/wp\/v2\/comments?post=123175"}],"version-history":[{"count":0,"href":"https:\/\/linitiative.ca\/International\/wp-json\/wp\/v2\/posts\/123175\/revisions"}],"wp:attachment":[{"href":"https:\/\/linitiative.ca\/International\/wp-json\/wp\/v2\/media?parent=123175"}],"wp:term":[{"taxonomy":"category","embeddable":true,"href":"https:\/\/linitiative.ca\/International\/wp-json\/wp\/v2\/categories?post=123175"},{"taxonomy":"post_tag","embeddable":true,"href":"https:\/\/linitiative.ca\/International\/wp-json\/wp\/v2\/tags?post=123175"}],"curies":[{"name":"wp","href":"https:\/\/api.w.org\/{rel}","templated":true}]}}