{"id":123180,"date":"2021-08-03T16:46:22","date_gmt":"2021-08-03T20:46:22","guid":{"rendered":"https:\/\/linitiative.ca\/International\/journee-de-lexcellence-scolaire-2021-le-tapis-dhonneur-pour-99-cracks\/"},"modified":"2021-08-03T16:46:22","modified_gmt":"2021-08-03T20:46:22","slug":"journee-de-lexcellence-scolaire-2021-le-tapis-dhonneur-pour-99-cracks","status":"publish","type":"post","link":"https:\/\/linitiative.ca\/International\/journee-de-lexcellence-scolaire-2021-le-tapis-dhonneur-pour-99-cracks\/","title":{"rendered":"Journ\u00e9e de l\u2019excellence scolaire 2021 : le tapis d\u2019honneur pour 99 cracks"},"content":{"rendered":"<div>\n<p><strong>Le Pr\u00e9sident du Faso, Roch Marc Christian Kabor\u00e9, a pr\u00e9sid\u00e9, le mardi 3 ao\u00fbt 2021, \u00e0 Ouagadougou, la Ve \u00e9dition de la journ\u00e9e de l\u2019excellence scolaire institu\u00e9e en 2017. Pour cette \u00e9dition, 99 \u00e9l\u00e8ves ont \u00e9t\u00e9 r\u00e9compens\u00e9s pour leurs excellents r\u00e9sultats aux diff\u00e9rents examens du primaire, du post-primaire et du secondaire. <\/strong><\/p>\n<figure id=\"attachment_38146\" aria-describedby=\"caption-attachment-38146\" style=\"width: 300px\" class=\"wp-caption alignright\"><img decoding=\"async\" loading=\"lazy\" class=\"wp-image-38146 size-medium\" src=\"https:\/\/linitiative.ca\/International\/wp-content\/uploads\/sites\/23\/2021\/08\/2-6-300x200-1.jpg\" alt=\"\" width=\"300\" height=\"200\" srcset=\"https:\/\/linitiative.ca\/International\/wp-content\/uploads\/sites\/23\/2021\/08\/2-6-300x200-1.jpg 300w, https:\/\/www.sidwaya.info\/wp-content\/uploads\/2021\/08\/2-6-150x100.jpg 150w, https:\/\/www.sidwaya.info\/wp-content\/uploads\/2021\/08\/2-6.jpg 595w\" sizes=\"auto, (max-width: 300px) 100vw, 300px\"><figcaption id=\"caption-attachment-38146\" class=\"wp-caption-text\">Le ministre de l\u2019Education nationale, de l\u2019Alphab\u00e9tisation et de la Promotion des Langues nationales, Pr Stanislas Ouaro : \u00ab Nous devons travailler \u00e0 promouvoir l\u2019excellence scolaire partout o\u00f9 nous sommes \u00bb.<\/figcaption><\/figure>\n<p>Le tapis d\u2019honneur a \u00e9t\u00e9 d\u00e9roul\u00e9 au palais de Koysam, hier mardi 3 ao\u00fbt 2021, \u00e0 Ouagadougou, \u00e0 99 meilleurs \u00e9l\u00e8ves qui ont r\u00e9ussi avec brio \u00e0 leur examen scolaire de la session 2021. Ces cracks aux examens de la session 2021 du Certificat d\u2019\u00e9tudes primaires (CEP), du Brevet d\u2019\u00e9tudes du premier cycle (BEPC), du Certificat d\u2019aptitudes professionnelles (CAP), du Brevet d\u2019\u00e9tudes professionnelles (BEP) et du Baccalaur\u00e9at ont \u00e9t\u00e9 r\u00e9compens\u00e9s \u00e0 l\u2019occasion de la Ve \u00e9dition de la Journ\u00e9e de l\u2019excellence scolaire (JES) plac\u00e9e sous le th\u00e8me : \u00ab C\u00e9l\u00e9brer l\u2019excellence scolaire pour la promotion du d\u00e9veloppement endog\u00e8ne, gage de paix et de coh\u00e9sion sociale \u00bb.<\/p>\n<p>Selon la pr\u00e9sidente du comit\u00e9 d\u2019organisation, Habitata Ton\u00e9\/Ou\u00e9draogo, la journ\u00e9e de l\u2019excellence scolaire constitue un cadre privil\u00e9gi\u00e9 d\u2019expression du programme de soci\u00e9t\u00e9 du pr\u00e9sident du Faso et du deuxi\u00e8me Plan national de d\u00e9veloppement \u00e9conomique et social (PNDES II). A l\u2019en croire, la moisson de l\u2019\u00e9dition 2021 de la JES est moins importante que celle de 2020. A l\u2019entendre, sur la base de crit\u00e8res d\u2019\u00e2ge, de classement et de moyenne, 99 laur\u00e9ats dont 27 filles contre 104 en 2020 ont \u00e9t\u00e9 s\u00e9lectionn\u00e9s.<\/p>\n<p>\u00ab Les prix qui ont \u00e9t\u00e9 propos\u00e9s par le comit\u00e9 d\u2019organisation pour encourager les laur\u00e9ats sont compos\u00e9s d\u2019attestations, de kits p\u00e9dagogiques, de tablettes, d\u2019ordinateurs portables, de bourses d\u2019\u00e9tudes et une somme d\u2019argent \u00bb, a-t-elle indiqu\u00e9. Tout en traduisant ses f\u00e9licitations aux laur\u00e9ats, le ministre de l\u2019Education nationale, de l\u2019Alphab\u00e9tisation et de la Promotion des Langues nationales, Pr Stanislas Ouaro, a laiss\u00e9 entendre qu\u2019ils ont opt\u00e9 pour la culture de l\u2019excellence. \u00ab C\u2019est un d\u00e9fi que vous vous \u00eates impos\u00e9 et maintenir ce cap doit \u00eatre d\u00e9sormais pour vous, un devoir et un challenge de tous les instants de votre vie \u00bb, a-t-il affirm\u00e9. Convaincu que l\u2019\u00e9ducation est la cheville ouvri\u00e8re de tout d\u00e9veloppement, il a salu\u00e9 la tenue r\u00e9guli\u00e8re et sans discontinuer de la JES.<\/p>\n<p>Cette journ\u00e9e, a-t-il fait savoir, conforte l\u2019engagement et la conviction du Pr\u00e9sident, Roch Marc Christian Kabor\u00e9, \u00e0 d\u00e9velopper le capital humain, priorit\u00e9 traduite dans le PNDES I. \u00ab Faire de l\u2019\u00e9cole, un laboratoire \u00bb Elle a \u00e9t\u00e9 r\u00e9affirm\u00e9e, foi de M. Ouaro, dans le chantier 6 du programme de soci\u00e9t\u00e9 du chef de l\u2019Etat et renforc\u00e9e dans le PNDES II, adopt\u00e9e en conseil des ministres, le vendredi 30 juillet dernier. \u00ab Le d\u00e9veloppement du capital humain ne saurait exclure la dimension de la promotion de l\u2019excellence. Mieux, il ne peut aller sans elle \u00bb, a-t-il soulign\u00e9. Il a confi\u00e9 que le gouvernement organisera les assises nationales sur l\u2019\u00e9ducation afin de questionner \u00ab sans tabous, sans complaisance et sans d\u00e9tours \u00bb le syst\u00e8me \u00e9ducatif. Ces assises, a-t-il expliqu\u00e9, permettront de prendre \u00ab des d\u00e9cisions consensuelles, mais fortes et pertinentes en vue de hisser notre \u00e9cole \u00e0 la hauteur des aspirations l\u00e9gitimes de notre peuple \u00bb. \u00ab Nous avons l\u2019obligation de faire de l\u2019\u00e9cole un laboratoire o\u00f9 s\u2019invente le Burkinab\u00e8 du futur et la locomotive qui tire le pays vers le d\u00e9veloppement \u00bb, a-t-il pr\u00e9cis\u00e9.<\/p>\n<figure id=\"attachment_38147\" aria-describedby=\"caption-attachment-38147\" style=\"width: 300px\" class=\"wp-caption alignleft\"><img decoding=\"async\" loading=\"lazy\" class=\"wp-image-38147 size-medium\" src=\"https:\/\/linitiative.ca\/International\/wp-content\/uploads\/sites\/23\/2021\/08\/3-3-300x200-1.jpg\" alt=\"\" width=\"300\" height=\"200\" srcset=\"https:\/\/linitiative.ca\/International\/wp-content\/uploads\/sites\/23\/2021\/08\/3-3-300x200-1.jpg 300w, https:\/\/www.sidwaya.info\/wp-content\/uploads\/2021\/08\/3-3-150x100.jpg 150w, https:\/\/www.sidwaya.info\/wp-content\/uploads\/2021\/08\/3-3.jpg 595w\" sizes=\"auto, (max-width: 300px) 100vw, 300px\"><figcaption id=\"caption-attachment-38147\" class=\"wp-caption-text\">L\u2019excellence a \u00e9t\u00e9 encore magnifi\u00e9e cette ann\u00e9e, \u00e0 travers le d\u00e9roulement du tapis d\u2019honneur aux 99 meilleurs \u00e9l\u00e8ves des examens scolaires.<\/figcaption><\/figure>\n<p>Pour la repr\u00e9sentante des laur\u00e9ats, Isabelle Bationo, tr\u00e8s rarement, l\u2019excellence scolaire a \u00e9t\u00e9 port\u00e9e \u00e0 un tel niveau de consid\u00e9ration. De l\u2019avis de Mlle Bationo, la JES aiguise chez les \u00e9l\u00e8ves le go\u00fbt de l\u2019effort et le sens du devoir. \u00ab Nous laur\u00e9ats, nous nous engageons \u00e0 cultiver en nous et autour de nous l\u2019amour de notre ch\u00e8re patrie, le Burkina Faso, \u00e0 promouvoir la paix et la coh\u00e9sion sociale partout o\u00f9 nous irons \u00bb, a-t-elle laiss\u00e9 entendre. Elle a f\u00e9licit\u00e9 les admis aux diff\u00e9rents examens de 2021 et encourag\u00e9 les ajourn\u00e9s \u00e0 redoubler d\u2019efforts afin de r\u00e9ussir en 2022. Elle a \u00e9galement eu une pens\u00e9e \u00ab pieuse \u00bb pour les \u00e9l\u00e8ves affect\u00e9s par le terrorisme.<\/p>\n<p style=\"text-align: right\"><strong> Timoth\u00e9e SOME timothesom@yahoo.fr <\/strong><\/p>\n<p>L\u2019article <a rel=\"nofollow\" href=\"https:\/\/www.sidwaya.info\/blog\/2021\/08\/03\/journee-de-lexcellence-scolaire-2021-le-tapis-dhonneur-pour-99-cracks\/\">Journ\u00e9e de l\u2019excellence scolaire 2021 : le tapis d\u2019honneur pour 99 cracks<\/a> est apparu en premier sur <a rel=\"nofollow\" href=\"https:\/\/www.sidwaya.info\/\">Quotidien Sidwaya<\/a>.<\/p>\n<\/div>\n<p>Auteur: BM. Sidwaya<br \/>\n<a href=\"https:\/\/www.sidwaya.info\/blog\/2021\/08\/03\/journee-de-lexcellence-scolaire-2021-le-tapis-dhonneur-pour-99-cracks\/\">Cliquez ici pour lire l&rsquo;article depuis sa source.<\/a><\/p>\n","protected":false},"excerpt":{"rendered":"<p>Le Pr\u00e9sident du Faso, Roch Marc Christian Kabor\u00e9, a pr\u00e9sid\u00e9, le mardi 3 ao\u00fbt 2021, \u00e0 Ouagadougou, la Ve \u00e9dition de la journ\u00e9e de l\u2019excellence scolaire institu\u00e9e en 2017. Pour cette \u00e9dition, 99 \u00e9l\u00e8ves ont \u00e9t\u00e9 r\u00e9compens\u00e9s pour leurs excellents r\u00e9sultats aux diff\u00e9rents examens du primaire, du post-primaire et du secondaire. Le ministre de l\u2019Education [&hellip;]<\/p>\n","protected":false},"author":1816,"featured_media":0,"comment_status":"closed","ping_status":"closed","sticky":false,"template":"","format":"standard","meta":{"fifu_image_url":"https:\/\/www.sidwaya.info\/wp-content\/uploads\/2021\/08\/2-6-300x200.jpg","fifu_image_alt":"Journ\u00e9e de l\u2019excellence scolaire 2021 : le tapis d\u2019honneur pour 99 cracks","footnotes":""},"categories":[73,81],"tags":[],"class_list":["post-123180","post","type-post","status-publish","format-standard","hentry","category-actualite","category-burkina-faso"],"_links":{"self":[{"href":"https:\/\/linitiative.ca\/International\/wp-json\/wp\/v2\/posts\/123180","targetHints":{"allow":["GET"]}}],"collection":[{"href":"https:\/\/linitiative.ca\/International\/wp-json\/wp\/v2\/posts"}],"about":[{"href":"https:\/\/linitiative.ca\/International\/wp-json\/wp\/v2\/types\/post"}],"author":[{"embeddable":true,"href":"https:\/\/linitiative.ca\/International\/wp-json\/wp\/v2\/users\/1816"}],"replies":[{"embeddable":true,"href":"https:\/\/linitiative.ca\/International\/wp-json\/wp\/v2\/comments?post=123180"}],"version-history":[{"count":0,"href":"https:\/\/linitiative.ca\/International\/wp-json\/wp\/v2\/posts\/123180\/revisions"}],"wp:attachment":[{"href":"https:\/\/linitiative.ca\/International\/wp-json\/wp\/v2\/media?parent=123180"}],"wp:term":[{"taxonomy":"category","embeddable":true,"href":"https:\/\/linitiative.ca\/International\/wp-json\/wp\/v2\/categories?post=123180"},{"taxonomy":"post_tag","embeddable":true,"href":"https:\/\/linitiative.ca\/International\/wp-json\/wp\/v2\/tags?post=123180"}],"curies":[{"name":"wp","href":"https:\/\/api.w.org\/{rel}","templated":true}]}}