{"id":123184,"date":"2021-08-03T16:57:06","date_gmt":"2021-08-03T20:57:06","guid":{"rendered":"https:\/\/linitiative.ca\/International\/le-president-ivoirien-alassane-ouattara-confine\/"},"modified":"2021-08-03T16:57:06","modified_gmt":"2021-08-03T20:57:06","slug":"le-president-ivoirien-alassane-ouattara-confine","status":"publish","type":"post","link":"https:\/\/linitiative.ca\/International\/le-president-ivoirien-alassane-ouattara-confine\/","title":{"rendered":"Le pr\u00e9sident ivoirien, Alassane Ouattara, confin\u00e9"},"content":{"rendered":"<div>\n<p><strong>SOFITEX : les trois cadres d\u00e9tenus en libert\u00e9 provisoire<\/strong><\/p>\n<p>En d\u00e9but d\u2019ann\u00e9e 2021, Kantigui faisait \u00e9tat de ce que trois cadres de la Soci\u00e9t\u00e9 burkinab\u00e8 des fibres textiles (SOFITEX) ont \u00e9t\u00e9 mis aux arr\u00eats et d\u00e9f\u00e9r\u00e9s, en fin d\u00e9cembre 2020, \u00e0 la Maison d\u2019arr\u00eat et de correction de Bobo-Dioulasso (MACB), pour des suppos\u00e9es malversations sur la somme de plus de 90 millions F CFA. Il s\u2019agit du directeur des finances et de la comptabilit\u00e9, du directeur des ressources humaines et du chef du service de paie, accus\u00e9s de \u00ab faux en \u00e9criture priv\u00e9e \u00bb, \u00ab usage de faux en \u00e9criture priv\u00e9e \u00bb et \u00ab d\u00e9tournement de biens publics \u00bb. Selon une source proche du dossier contact\u00e9e par Kantigui, m\u00eame le Directeur g\u00e9n\u00e9ral (DG) de la soci\u00e9t\u00e9 a \u00e9t\u00e9 entendu dans l\u2019affaire. Aux derni\u00e8res nouvelles, les trois cadres sont en libert\u00e9 provisoire, depuis le vendredi 30 juillet 2021. M\u00eame si la source de Kantigui n\u2019a pas pu expliquer les raisons de cette libert\u00e9 provisoire, elle pr\u00e9cise cependant que les enqu\u00eates se poursuivent.<\/p>\n<p><strong>Les transporteurs menacent d\u2019arr\u00eater le trafic vers l\u2019Est <\/strong><\/p>\n<p>Kantigui, qui suit de pr\u00e8s l\u2019\u00e9volution de l\u2019\u00e9tat des voies du pays en cette saison des pluies, a appris que les transporteurs menacent d\u2019arr\u00eater le trafic sur les routes de la r\u00e9gion de l\u2019Est, du fait de la d\u00e9gradation des voies de la r\u00e9gion. Dans la matin\u00e9e du lundi 2 ao\u00fbt 2021, a-t-on souffl\u00e9 \u00e0 Kantigui, ils ont \u00e9t\u00e9 re\u00e7us par le gouverneur de la r\u00e9gion qui a aussi convi\u00e9 \u00e0 la rencontre, les services techniques en charge des infrastructures et la soci\u00e9t\u00e9 en charge des travaux de r\u00e9habilitation de la route nationale n\u00b04 (RN4). Selon la source de Kantigui, cette rencontre fait suite \u00e0 un pr\u00e9avis d\u2019arr\u00eat du trafic d\u00e9pos\u00e9 par les transporteurs. \u00ab Anticipant cette action, une r\u00e9union a vite eu lieu et des promesses ont \u00e9t\u00e9 faites d\u2019 acc\u00e9l\u00e9rer les travaux. La soci\u00e9t\u00e9 en charge des travaux aurait justifi\u00e9 son retard par un souci de d\u00e9caissements des fonds \u00bb, a ajout\u00e9 l\u2019informateur de Kantigui. Pourtant, se rappelle Kantigui, le prestataire affirmait, en avril dernier, que les engins \u00e9taient en route pour Fada N\u2019Gourma. Avec la p\u00e9riode de pluie, Kantigui a constat\u00e9 que la voie Gounghin-Fada (50 km) s\u2019est davantage d\u00e9grad\u00e9e et pour rallier Fada, Kantchari ou Matiakoali, les populations vivent le calvaire.<\/p>\n<p><strong>Premier voyage en avion pour deux \u00e9l\u00e8ves <\/strong><\/p>\n<p>Au parfum de l\u2019actualit\u00e9 dans la province du Kourw\u00e9ogo, Kantigui a appris que les deux premiers \u00e9coliers au Certificat d\u2019\u00e9tudes primaires (CEP) de l\u2019\u00e9cole \u2018\u2019A\u2019\u2019 de Bouss\u00e9, Aline Ilboudo et Rodrigue Ou\u00e9draogo, passent des vacances de quelques jours \u00e0 Bobo-Dioulasso, depuis hier mardi 3 ao\u00fbt 2021. Selon la source de Kantigui, les deux \u00e9coliers ont ralli\u00e9 la capitale \u00e9conomique \u00e0 bord d\u2019un avion d\u2019Air Burkina, gr\u00e2ce au ministre en charge des affaires \u00e9trang\u00e8res, Alpha Barry, originaire de la province. \u00ab Lors de la c\u00e9l\u00e9bration des 75 ans de son \u00e9cole le 29 mai 2021, le jeune Rodrigue avait partag\u00e9 son r\u00eave d\u2019\u00eatre pilote. Je lui avais promis de le faire prendre l\u2019avion pour la premi\u00e8re fois s\u2019il figurait parmi les deux premiers de son \u00e9cole au CEP. Il l\u2019a fait ! En se classant juste derri\u00e8re Aline \u00bb, a expliqu\u00e9 le g\u00e9n\u00e9reux bienfaiteur contact\u00e9 par Kantigui. Avec une pens\u00e9e les \u00e9l\u00e8ves priv\u00e9s d\u2019\u00e9cole \u00e0 cause de l\u2019ins\u00e9curit\u00e9 dans leurs r\u00e9gions, Kantigui salue ces genres d\u2019initiatives qui contribuent \u00e0 cr\u00e9er une saine \u00e9mulation au sein des apprenants.<\/p>\n<p><strong> Enlevement \u00e0 Barsalogo, d\u00e9menti des autorit\u00e9s locales<\/strong><\/p>\n<p>Kantigui tient l\u2019information du Collectif contre l\u2019impunit\u00e9 et la stigmatisation des communaut\u00e9s (CISC), qui pr\u00e9cise que deux Personnes d\u00e9plac\u00e9es internes (PDI) ont \u00e9t\u00e9 enlev\u00e9s dans le camp de Barsologho, dans la r\u00e9gion du Centre-Nord (Kaya). \u00ab Dans la nuit du jeudi 29 juillet au vendredi 30 juillet 2021, vers 2 heures de matin, plusieurs t\u00e9moignages concordants font \u00e9tat d\u2019enl\u00e8vements de deux PDI par des Hommes arm\u00e9s non identifi\u00e9s (HANI). Les HANI auraient ensuite donn\u00e9 un d\u00e9lai d\u2019une semaine aux autres PDI pour vider compl\u00e8tement le camp\u00bb, a pu lire Kantigui, dans un communiqu\u00e9 du collectif. Le communiqu\u00e9 pr\u00e9cise que dans la nuit du 1er au 2 ao\u00fbt 2021, les HANI sont encore revenus et ont proc\u00e9d\u00e9 \u00e0 l\u2019enl\u00e8vement, cette fois-ci, d\u2019une quarantaine de personnes dont des femmes, pour une destination inconnue. \u00ab Pris de panique et ne sachant \u00e0 quel saint se vouer, tous les d\u00e9plac\u00e9s ont quitt\u00e9 le camp le lundi 2 ao\u00fbt 2021, sans une destination pr\u00e9cise \u00bb, a ajout\u00e9 le CISC. Par cons\u00e9quent, le Collectif invite les autorit\u00e9s politiques et administratives \u00e0 prendre toutes les dispositions idoines pour porter secours \u00e0 ces populations d\u00e9plac\u00e9es \u00ab tr\u00e8s \u00bb vuln\u00e9rables. Mais des sources proches des autorit\u00e9s locales et s\u00e9curitaires de la r\u00e9gion, l\u2019information faisant \u00e9tat de l\u2019enl\u00e8vement par des hommes arm\u00e9s d\u2019une quarantaine de personnes d\u00e9plac\u00e9es internes de Barsalogo n\u2019est pas av\u00e9r\u00e9e.<\/p>\n<p><strong>Naaba Saaga 1er de Issouka<\/strong>, faiseur de paix Pr\u00e9sent dans la cit\u00e9 du Cavalier rouge, le vendredi 30 juillet dernier, Kantigui a assist\u00e9 \u00e0 la sortie de promotion \u00e0 l\u2019Ecole normale sup\u00e9rieure (ENS) de Koudougou, pr\u00e9sid\u00e9e par le pr\u00e9sident de l\u2019Assembl\u00e9e nationale avec \u00e0 ses c\u00f4t\u00e9s le ministre en charge des enseignements sup\u00e9rieurs et de nombreux autres invit\u00e9s. A l\u2019occasion, un tableau a \u00e9t\u00e9 remis en guise de reconnaissance \u00e0 Naaba Saaga 1er de Issouka. Curieux de savoir pourquoi une telle distinction, Kantigui s\u2019est vu expliqu\u00e9 qu\u2019elle ne surprend personne, au regard du travail qu\u2019abat le chef traditionnel. En effet, lui a-t-on dit, Naaba Saaga 1er de Issouka s\u2019est r\u00e9guli\u00e8rement impliqu\u00e9 dans la recherche de la paix au sein de l\u2019universit\u00e9, du monde scolaire et dans la ville de Koudougou, en g\u00e9n\u00e9ral. Kantigui exhorte donc nos garants de la tradition \u00e0 poursuivre cette qu\u00eate permanente de paix et de vivre-ensemble indispensable au d\u00e9veloppement du pays.<\/p>\n<p><strong>Le pr\u00e9sident ivoirien, Alassane Ouattara<\/strong>, confin\u00e9 C\u2019est par les r\u00e9seaux sociaux, que Kantigui a appris l\u2019information. Le pr\u00e9sident ivoirien, Alassane Ouattara, ayant \u00e9t\u00e9\u0301 en contact avec une personne d\u00e9clar\u00e9e positive a\u0300 la COVID-19, a d\u00e9cid\u00e9\u0301 de se mettre en confinement, suivant les recommandations sanitaires en la mati\u00e8re et conform\u00e9ment aux dispositions gouvernementales. Tout en saluant cette d\u00e9cision du chef de l\u2019Etat ivoirien, Kantigui appelle toutes les populations a\u0300 respecter les mesures- barri\u00e8res visant a\u0300 lutter contre cette pand\u00e9mie et surtout a\u0300 se faire vacciner, parce que la maladie est bien r\u00e9elle et continue de faire des victimes.<\/p>\n<p style=\"text-align: right\"><strong> Kantigui kantigui2000@gmail.com <\/strong><\/p>\n<p style=\"text-align: right\"><strong>(+226) 25 31 22 89 <\/strong><\/p>\n<p>L\u2019article <a rel=\"nofollow\" href=\"https:\/\/www.sidwaya.info\/blog\/2021\/08\/03\/le-president-ivoirien-alassane-ouattara-confine\/\">Le pr\u00e9sident ivoirien, Alassane Ouattara, confin\u00e9<\/a> est apparu en premier sur <a rel=\"nofollow\" href=\"https:\/\/www.sidwaya.info\/\">Quotidien Sidwaya<\/a>.<\/p>\n<\/div>\n<p>Auteur: BM. Sidwaya<br \/>\n<a href=\"https:\/\/www.sidwaya.info\/blog\/2021\/08\/03\/le-president-ivoirien-alassane-ouattara-confine\/\">Cliquez ici pour lire l&rsquo;article depuis sa source.<\/a><\/p>\n","protected":false},"excerpt":{"rendered":"<p>SOFITEX : les trois cadres d\u00e9tenus en libert\u00e9 provisoire En d\u00e9but d\u2019ann\u00e9e 2021, Kantigui faisait \u00e9tat de ce que trois cadres de la Soci\u00e9t\u00e9 burkinab\u00e8 des fibres textiles (SOFITEX) ont \u00e9t\u00e9 mis aux arr\u00eats et d\u00e9f\u00e9r\u00e9s, en fin d\u00e9cembre 2020, \u00e0 la Maison d\u2019arr\u00eat et de correction de Bobo-Dioulasso (MACB), pour des suppos\u00e9es malversations sur [&hellip;]<\/p>\n","protected":false},"author":1816,"featured_media":0,"comment_status":"closed","ping_status":"closed","sticky":false,"template":"","format":"standard","meta":{"fifu_image_url":"","fifu_image_alt":"","footnotes":""},"categories":[73,81],"tags":[],"class_list":["post-123184","post","type-post","status-publish","format-standard","hentry","category-actualite","category-burkina-faso"],"_links":{"self":[{"href":"https:\/\/linitiative.ca\/International\/wp-json\/wp\/v2\/posts\/123184","targetHints":{"allow":["GET"]}}],"collection":[{"href":"https:\/\/linitiative.ca\/International\/wp-json\/wp\/v2\/posts"}],"about":[{"href":"https:\/\/linitiative.ca\/International\/wp-json\/wp\/v2\/types\/post"}],"author":[{"embeddable":true,"href":"https:\/\/linitiative.ca\/International\/wp-json\/wp\/v2\/users\/1816"}],"replies":[{"embeddable":true,"href":"https:\/\/linitiative.ca\/International\/wp-json\/wp\/v2\/comments?post=123184"}],"version-history":[{"count":0,"href":"https:\/\/linitiative.ca\/International\/wp-json\/wp\/v2\/posts\/123184\/revisions"}],"wp:attachment":[{"href":"https:\/\/linitiative.ca\/International\/wp-json\/wp\/v2\/media?parent=123184"}],"wp:term":[{"taxonomy":"category","embeddable":true,"href":"https:\/\/linitiative.ca\/International\/wp-json\/wp\/v2\/categories?post=123184"},{"taxonomy":"post_tag","embeddable":true,"href":"https:\/\/linitiative.ca\/International\/wp-json\/wp\/v2\/tags?post=123184"}],"curies":[{"name":"wp","href":"https:\/\/api.w.org\/{rel}","templated":true}]}}