{"id":123185,"date":"2021-08-03T14:18:01","date_gmt":"2021-08-03T18:18:01","guid":{"rendered":"https:\/\/linitiative.ca\/International\/covid-en-guinee-douze-mesures-pour-contenir-la-3e-vague\/"},"modified":"2021-08-03T14:18:01","modified_gmt":"2021-08-03T18:18:01","slug":"covid-en-guinee-douze-mesures-pour-contenir-la-3e-vague","status":"publish","type":"post","link":"https:\/\/linitiative.ca\/International\/covid-en-guinee-douze-mesures-pour-contenir-la-3e-vague\/","title":{"rendered":"Covid en Guin\u00e9e : douze mesures pour contenir la 3e vague"},"content":{"rendered":"<div>\n<p><img loading=\"lazy\" decoding=\"async\" width=\"600\" height=\"379\" src=\"https:\/\/linitiative.ca\/International\/wp-content\/uploads\/sites\/23\/2021\/08\/16280146811967.jpg\" class=\"attachment-post-thumbnail size-post-thumbnail wp-post-image\" alt=\"\" srcset=\"https:\/\/linitiative.ca\/International\/wp-content\/uploads\/sites\/23\/2021\/08\/16280146811967.jpg 600w, https:\/\/www.journalducameroun.com\/wp-content\/uploads\/2021\/08\/16280146811967-300x190.jpg 300w\" sizes=\"auto, (max-width: 600px) 100vw, 600px\"><\/p>\n<p>Le pr\u00e9sident Alpha Cond\u00e9, compte tenu de la circulation des variants du coronavirus dans la sous-r\u00e9gion ouest-africaine, a r\u00e9adapt\u00e9 ce mardi les mesures sanitaires dans son pays.En Guin\u00e9e, les indicateurs montrent une recrudescence de la Covid-19. D&rsquo;abord, le taux de positivit\u00e9 des tests est pass\u00e9 de moins de 2 \u00e0 11% durant ces derniers jours. Ensuite, 1035 malades ont \u00e9t\u00e9 isol\u00e9s ces trois derni\u00e8res semaines contre 100 auparavant. Enfin, si 20 patients \u00e9taient admis dans les services de r\u00e9animation en juin, il y en a eu 146 en juillet. Sur la m\u00eame p\u00e9riode, les d\u00e9c\u00e8s ont \u00e9t\u00e9 multipli\u00e9s par six.<\/p>\n<p>Ces chiffres ont conduit le chef de l&rsquo;Etat, Alpha Cond\u00e9, \u00e0 amender son protocole de contr\u00f4le sanitaire. Le port des bavettes (masques) devient \u00ab obligatoire \u00bb tandis que le respect de la distanciation sociale et le lavage des mains sont fortement recommand\u00e9s.<\/p>\n<p>Dans les lieux de culte, les fid\u00e8les doivent rigoureusement observer les mesures barri\u00e8res. Actuellement, 4 % de la population cible ont pris au moins une dose d&rsquo;un vaccin. L&rsquo;Etat incite donc les citoyens \u00ab \u00e0 se faire vacciner massivement \u00bb pour atteindre l&rsquo;immunit\u00e9 collective.<\/p>\n<p>En outre, le couvre-feu est ramen\u00e9 de 22 heures \u00e0 4 heures. \u00c0 l&rsquo;entr\u00e9e et la sortie des diff\u00e9rentes pr\u00e9fectures, les voyageurs interurbains sont tenus de pr\u00e9senter un certificat de n\u00e9gativit\u00e9 (TDR ou PCR) ou une preuve de vaccination. De m\u00eame, le contr\u00f4le sanitaire sera renforc\u00e9 dans les points d&rsquo;entr\u00e9e des pr\u00e9fectures mini\u00e8res.<\/p>\n<p>Pour freiner la propagation du virus, les c\u00e9r\u00e9monies (mariages, bapt\u00eames, fun\u00e9railles\u2026) regroupant plus de 50 personnes sont interdites. Idem pour le transfert de corps test\u00e9 positif \u00e0 la Covid-19.<\/p>\n<p>D&rsquo;apr\u00e8s le gouvernement, les structures priv\u00e9es, proposant des tests de diagnostic, ne peuvent les effectuer qu&rsquo;avec la collaboration de l&rsquo;Agence Nationale de S\u00e9curit\u00e9 Sanitaire (ANSS).<\/p>\n<p>Les dispositions sanitaires qui s&rsquo;appliquaient jusque-l\u00e0 aux lieux de loisirs (h\u00f4tels, restaurants, bars\u2026) sont maintenues. A en croire Alpha Cond\u00e9, \u00ab le non-respect des pr\u00e9sentes mesures expose le contrevenant aux (sanctions) pr\u00e9vues \u00e0 cet effet \u00bb.<\/p>\n<p>Cet article <a rel=\"nofollow\" href=\"https:\/\/www.journalducameroun.com\/covid-en-guinee-douze-mesures-pour-contenir-la-3e-vague\/\">Covid en Guin\u00e9e : douze mesures pour contenir la 3e vague<\/a> est apparu en premier sur <a rel=\"nofollow\" href=\"https:\/\/www.journalducameroun.com\/\">Journal du Cameroun<\/a>.<\/p>\n<\/div>\n<p>Auteur: APA News<br \/>\n<a href=\"https:\/\/www.journalducameroun.com\/covid-en-guinee-douze-mesures-pour-contenir-la-3e-vague\/\">Cliquez ici pour lire l&rsquo;article depuis sa source.<\/a><\/p>\n","protected":false},"excerpt":{"rendered":"<p>Le pr\u00e9sident Alpha Cond\u00e9, compte tenu de la circulation des variants du coronavirus dans la sous-r\u00e9gion ouest-africaine, a r\u00e9adapt\u00e9 ce mardi les mesures sanitaires dans son pays.En Guin\u00e9e, les indicateurs montrent une recrudescence de la Covid-19. D&rsquo;abord, le taux de positivit\u00e9 des tests est pass\u00e9 de moins de 2 \u00e0 11% durant ces derniers jours. [&hellip;]<\/p>\n","protected":false},"author":1965,"featured_media":0,"comment_status":"closed","ping_status":"closed","sticky":false,"template":"","format":"standard","meta":{"fifu_image_url":"https:\/\/www.journalducameroun.com\/wp-content\/uploads\/2021\/08\/16280146811967.jpg","fifu_image_alt":"Covid en Guin\u00e9e : douze mesures pour contenir la 3e vague","footnotes":""},"categories":[73,82],"tags":[],"class_list":["post-123185","post","type-post","status-publish","format-standard","hentry","category-actualite","category-cameroun"],"_links":{"self":[{"href":"https:\/\/linitiative.ca\/International\/wp-json\/wp\/v2\/posts\/123185","targetHints":{"allow":["GET"]}}],"collection":[{"href":"https:\/\/linitiative.ca\/International\/wp-json\/wp\/v2\/posts"}],"about":[{"href":"https:\/\/linitiative.ca\/International\/wp-json\/wp\/v2\/types\/post"}],"author":[{"embeddable":true,"href":"https:\/\/linitiative.ca\/International\/wp-json\/wp\/v2\/users\/1965"}],"replies":[{"embeddable":true,"href":"https:\/\/linitiative.ca\/International\/wp-json\/wp\/v2\/comments?post=123185"}],"version-history":[{"count":0,"href":"https:\/\/linitiative.ca\/International\/wp-json\/wp\/v2\/posts\/123185\/revisions"}],"wp:attachment":[{"href":"https:\/\/linitiative.ca\/International\/wp-json\/wp\/v2\/media?parent=123185"}],"wp:term":[{"taxonomy":"category","embeddable":true,"href":"https:\/\/linitiative.ca\/International\/wp-json\/wp\/v2\/categories?post=123185"},{"taxonomy":"post_tag","embeddable":true,"href":"https:\/\/linitiative.ca\/International\/wp-json\/wp\/v2\/tags?post=123185"}],"curies":[{"name":"wp","href":"https:\/\/api.w.org\/{rel}","templated":true}]}}