{"id":123187,"date":"2021-08-03T15:18:01","date_gmt":"2021-08-03T19:18:01","guid":{"rendered":"https:\/\/linitiative.ca\/International\/le-rationnement-de-lelectricite-definitivement-termine-en-cote-divoire\/"},"modified":"2021-08-03T15:18:01","modified_gmt":"2021-08-03T19:18:01","slug":"le-rationnement-de-lelectricite-definitivement-termine-en-cote-divoire","status":"publish","type":"post","link":"https:\/\/linitiative.ca\/International\/le-rationnement-de-lelectricite-definitivement-termine-en-cote-divoire\/","title":{"rendered":"Le rationnement de l\u2019\u00e9lectricit\u00e9 \u00abd\u00e9finitivement termin\u00e9\u00bb en C\u00f4te d\u2019Ivoire"},"content":{"rendered":"<div>\n<p><img loading=\"lazy\" decoding=\"async\" width=\"6538\" height=\"4359\" src=\"https:\/\/linitiative.ca\/International\/wp-content\/uploads\/sites\/23\/2021\/08\/16280182825501.jpg\" class=\"attachment-post-thumbnail size-post-thumbnail wp-post-image\" alt=\"\" srcset=\"https:\/\/linitiative.ca\/International\/wp-content\/uploads\/sites\/23\/2021\/08\/16280182825501.jpg 6538w, https:\/\/www.journalducameroun.com\/wp-content\/uploads\/2021\/08\/16280182825501-300x200.jpg 300w, https:\/\/www.journalducameroun.com\/wp-content\/uploads\/2021\/08\/16280182825501-768x512.jpg 768w, https:\/\/www.journalducameroun.com\/wp-content\/uploads\/2021\/08\/16280182825501-1024x683.jpg 1024w, https:\/\/www.journalducameroun.com\/wp-content\/uploads\/2021\/08\/16280182825501-660x440.jpg 660w, https:\/\/www.journalducameroun.com\/wp-content\/uploads\/2021\/08\/16280182825501-600x400.jpg 600w\" sizes=\"auto, (max-width: 6538px) 100vw, 6538px\"><\/p>\n<p>Le rationnement de l&rsquo;\u00e9lectricit\u00e9 est \u00abd\u00e9finitivement termin\u00e9 \u00bb en C\u00f4te d&rsquo;Ivoire o\u00f9 le gouvernement est en pourparlers pour doter le pays d&rsquo;une \u00abcentrale froide de 200 m\u00e9gawatts\u00bb.<\/p>\n<p>L&rsquo;annonce a \u00e9t\u00e9 faite, mardi \u00e0 Abidjan, par le ministre des Mines, du p\u00e9trole et de l&rsquo;\u00e9nergie, Thomas Camara qui a co-anim\u00e9 une conf\u00e9rence de presse avec son coll\u00e8gue de la Communication, des m\u00e9dias et de la Francophonie, Amadou Coulibaly, porte-parole du gouvernement.<\/p>\n<p>\u00abAujourd&rsquo;hui, avec les actions men\u00e9es, nous avons le plaisir de vous annoncer que le rationnement de l&rsquo;\u00e9lectricit\u00e9 est d\u00e9finitivement \u00a0termin\u00e9 en C\u00f4te d&rsquo;Ivoire \u00bb, a annonc\u00e9 le ministre Thomas Camara, pr\u00e9sentant les excuses de son minist\u00e8re et celles du gouvernement aux populations et aux industriels.<\/p>\n<p>Selon lui, ce rationnement de l&rsquo;\u00e9lectricit\u00e9 qui a commenc\u00e9 le 10 mai 2021, n&rsquo;aura dur\u00e9 que 45 jours pour les m\u00e9nages et moins de 3 mois pour les industriels.<\/p>\n<p>La C\u00f4te d&rsquo;Ivoire a fait face \u00e0 un d\u00e9ficit d&rsquo;\u00e9lectricit\u00e9 de plus de 200 Mgw d\u00fb \u00e0 une insuffisance d&rsquo;eau dans les barrages hydro\u00e9lectriques du pays, en raison de la s\u00e9cheresse et \u00e0 des pannes sur des ouvrages.<\/p>\n<p>\u00ab Je voudrais saluer la r\u00e9silience des Ivoiriens, la confiance qu&rsquo;ils placent en l&rsquo;Etat \u00bb, a rench\u00e9ri le ministre de la Communication, des m\u00e9dias et de la Francophonie, Amadou Coulibaly. \u00a0\u00ab Toutes les dates annonc\u00e9es pour la fin du rationnement de l&rsquo;\u00e9lectricit\u00e9 ont \u00e9t\u00e9 respect\u00e9es \u00bb, s&rsquo;est f\u00e9licit\u00e9 M. Coulibaly, \u00e9galement porte-parole du gouvernement.<\/p>\n<p>\u00ab La crise \u00e9nerg\u00e9tique est termin\u00e9e depuis le 09 juillet 2021. Ce n&rsquo;est plus un pr\u00e9texte pour augmenter les prix\u00bb des produits, a lanc\u00e9 le ministre Thomas Camara. \u00a0<\/p>\n<p>Le gouvernement ivoirien \u00e9tudie en ce moment l&rsquo;option d&rsquo;acheter ou de louer une centrale froide afin d&rsquo;assurer la continuit\u00e9 de la fourniture de l&rsquo;\u00e9lectricit\u00e9 en cas de situation pareille.<\/p>\n<p>La fin de la crise \u00e9nerg\u00e9tique permet \u00e0 la C\u00f4te d&rsquo;Ivoire d&rsquo;augmenter sa fourniture \u00e9lectrique aux pays de la sous-r\u00e9gion, a ajout\u00e9 le ministre Camara.<\/p>\n<p>A ce propos, il a indiqu\u00e9 que la capacit\u00e9 qui a \u00e9t\u00e9 r\u00e9duite \u00e0 60 m\u00e9gawatts pendant la crise \u00e9nerg\u00e9tique a d\u00e9coll\u00e9 cette semaine pour aller vers 100 m\u00e9gawatts, et devra atteindre les 200 m\u00e9gawatts en septembre en direction des certains pays de la sous-r\u00e9gion.<\/p>\n<p>Un programme de rationnement de la fourniture de l&rsquo;\u00e9lectricit\u00e9, ob\u00e9issant \u00e0 \u00ab trois grands principes \u00bb, a \u00e9t\u00e9 mis en place le 10 mai 2021 sur instruction du ministre des Mines, du p\u00e9trole et de l&rsquo;\u00e9nergie, pour juguler la crise \u00e9nerg\u00e9tique.<\/p>\n<p>En vue d&rsquo;une gestion efficace de la situation, la Compagnie ivoirienne d&rsquo;\u00e9lectricit\u00e9 (CIE) a mis en place deux plages horaires de rationnement d&rsquo;une dur\u00e9e de 6 heures, ensuite une alternance hebdomadaire des plages horaires et une exclusion de la journ\u00e9e de dimanche du programme de rationnement.<\/p>\n<p>Les efforts d\u00e9ploy\u00e9s ont permis \u00e0 la compagnie, \u00e0 partir du 12 juin 2021, de passer \u00e0 moins de 5% des clients r\u00e9sidentiels touch\u00e9s par le rationnement par plage de 6h, et \u00e0 plus de la moiti\u00e9 des clients de ne plus \u00eatre rationn\u00e9s du tout.<\/p>\n<p>Les clients rationn\u00e9s n&rsquo;\u00e9taient plus impact\u00e9s que seulement deux \u00e0 trois fois par semaine. A partir du 19 juin 2021, les clients rationn\u00e9s sont pass\u00e9s \u00e0 moins de 1% par plage de 6h. Ce qui a permis \u00e0 80% des clients basse tension de ne plus \u00eatre rationn\u00e9s. Et, les clients rationn\u00e9s n&rsquo;\u00e9taient alors touch\u00e9s qu&rsquo;une \u00e0 deux fois maximum par semaine.<\/p>\n<p>Depuis le 26 juin 2021, le rationnement par plage de 6h des clients basse tension s&rsquo;est pratiquement arr\u00eat\u00e9.<\/p>\n<p>Concernant les industriels, un all\u00e8gement constant du programme de rationnement a \u00e9t\u00e9 mis en \u0153uvre avec le concours du comit\u00e9 de veille compos\u00e9 des principaux acteurs des secteurs de l&rsquo;\u00e9nergie, de l&rsquo;industrie, du commerce et du patronat.<\/p>\n<p>Les p\u00e9riodes hebdomadaires d&rsquo;alimentation ont progressivement augment\u00e9, passant de 48h les deux premi\u00e8res semaines, \u00e0 64h les deux semaines suivantes, pour se situer \u00e0 96h depuis d\u00e9but juin jusqu&rsquo;\u00e0 la fin d\u00e9finitive du rationnement le 09 juillet 2021.<\/p>\n<p>Engouement autour des canaux digitaux pour juguler cette crise \u00e9nerg\u00e9tique\u00a0<\/p>\n<p>En outre, des canaux d&rsquo;acc\u00e8s \u00e0 l&rsquo;information ont \u00e9t\u00e9 mis en place, notamment un site pour l&rsquo;information des m\u00e9nages (monelec.ci), un site pour les clients industriels (monelecpro.ci) et un num\u00e9ro vert gratuit (800 800 22) pour tous les clients, a rappel\u00e9 lors de cette conf\u00e9rence de presse, le directeur g\u00e9n\u00e9ral de la CIE, Ahmadou Bakayoko.<\/p>\n<p>Selon les statistiques, le site monelec.ci a enregistr\u00e9 plus de 1 million de requ\u00eates, le num\u00e9ro vert gratuit plus de 10 600 appels, tandis que 100% des industries concern\u00e9es ont consult\u00e9 leur programme en ligne.<\/p>\n<p>La Chine, confront\u00e9e \u00e0 une \u00e9norme p\u00e9nurie d&rsquo;\u00e9lectricit\u00e9 due \u00e0 des conditions m\u00e9t\u00e9orologiques extr\u00eames, rationne l&rsquo;\u00e9lectricit\u00e9, pendant que la C\u00f4te d&rsquo;Ivoire vient de sortir de l&rsquo;\u00e9preuve du rationnement.<\/p>\n<p>Cet article <a rel=\"nofollow\" href=\"https:\/\/www.journalducameroun.com\/le-rationnement-de-lelectricite-definitivement-termine-en-cote-divoire\/\">Le rationnement de l\u2019\u00e9lectricit\u00e9 \u00abd\u00e9finitivement termin\u00e9\u00bb en C\u00f4te d\u2019Ivoire<\/a> est apparu en premier sur <a rel=\"nofollow\" href=\"https:\/\/www.journalducameroun.com\/\">Journal du Cameroun<\/a>.<\/p>\n<\/div>\n<p>Auteur: APA News<br \/>\n<a href=\"https:\/\/www.journalducameroun.com\/le-rationnement-de-lelectricite-definitivement-termine-en-cote-divoire\/\">Cliquez ici pour lire l&rsquo;article depuis sa source.<\/a><\/p>\n","protected":false},"excerpt":{"rendered":"<p>Le rationnement de l&rsquo;\u00e9lectricit\u00e9 est \u00abd\u00e9finitivement termin\u00e9 \u00bb en C\u00f4te d&rsquo;Ivoire o\u00f9 le gouvernement est en pourparlers pour doter le pays d&rsquo;une \u00abcentrale froide de 200 m\u00e9gawatts\u00bb. L&rsquo;annonce a \u00e9t\u00e9 faite, mardi \u00e0 Abidjan, par le ministre des Mines, du p\u00e9trole et de l&rsquo;\u00e9nergie, Thomas Camara qui a co-anim\u00e9 une conf\u00e9rence de presse avec son [&hellip;]<\/p>\n","protected":false},"author":1965,"featured_media":0,"comment_status":"closed","ping_status":"closed","sticky":false,"template":"","format":"standard","meta":{"fifu_image_url":"https:\/\/www.journalducameroun.com\/wp-content\/uploads\/2021\/08\/16280182825501.jpg","fifu_image_alt":"Le rationnement de l\u2019\u00e9lectricit\u00e9 \u00abd\u00e9finitivement termin\u00e9\u00bb en C\u00f4te d\u2019Ivoire","footnotes":""},"categories":[73,82],"tags":[],"class_list":["post-123187","post","type-post","status-publish","format-standard","hentry","category-actualite","category-cameroun"],"_links":{"self":[{"href":"https:\/\/linitiative.ca\/International\/wp-json\/wp\/v2\/posts\/123187","targetHints":{"allow":["GET"]}}],"collection":[{"href":"https:\/\/linitiative.ca\/International\/wp-json\/wp\/v2\/posts"}],"about":[{"href":"https:\/\/linitiative.ca\/International\/wp-json\/wp\/v2\/types\/post"}],"author":[{"embeddable":true,"href":"https:\/\/linitiative.ca\/International\/wp-json\/wp\/v2\/users\/1965"}],"replies":[{"embeddable":true,"href":"https:\/\/linitiative.ca\/International\/wp-json\/wp\/v2\/comments?post=123187"}],"version-history":[{"count":0,"href":"https:\/\/linitiative.ca\/International\/wp-json\/wp\/v2\/posts\/123187\/revisions"}],"wp:attachment":[{"href":"https:\/\/linitiative.ca\/International\/wp-json\/wp\/v2\/media?parent=123187"}],"wp:term":[{"taxonomy":"category","embeddable":true,"href":"https:\/\/linitiative.ca\/International\/wp-json\/wp\/v2\/categories?post=123187"},{"taxonomy":"post_tag","embeddable":true,"href":"https:\/\/linitiative.ca\/International\/wp-json\/wp\/v2\/tags?post=123187"}],"curies":[{"name":"wp","href":"https:\/\/api.w.org\/{rel}","templated":true}]}}