{"id":123189,"date":"2021-08-03T16:18:02","date_gmt":"2021-08-03T20:18:02","guid":{"rendered":"https:\/\/linitiative.ca\/International\/cote-divoire-121-milliards-fcfa-pour-rehabiliter-la-decharge-dakouedo\/"},"modified":"2021-08-03T16:18:02","modified_gmt":"2021-08-03T20:18:02","slug":"cote-divoire-121-milliards-fcfa-pour-rehabiliter-la-decharge-dakouedo","status":"publish","type":"post","link":"https:\/\/linitiative.ca\/International\/cote-divoire-121-milliards-fcfa-pour-rehabiliter-la-decharge-dakouedo\/","title":{"rendered":"C\u00f4te d\u2019Ivoire: 121 milliards FCFA pour r\u00e9habiliter la d\u00e9charge d\u2019Akou\u00e9do"},"content":{"rendered":"<div>\n<p><img loading=\"lazy\" decoding=\"async\" width=\"1920\" height=\"1080\" src=\"https:\/\/linitiative.ca\/International\/wp-content\/uploads\/sites\/23\/2021\/08\/16280218822034.jpg\" class=\"attachment-post-thumbnail size-post-thumbnail wp-post-image\" alt=\"\" srcset=\"https:\/\/linitiative.ca\/International\/wp-content\/uploads\/sites\/23\/2021\/08\/16280218822034.jpg 1920w, https:\/\/www.journalducameroun.com\/wp-content\/uploads\/2021\/08\/16280218822034-300x169.jpg 300w, https:\/\/www.journalducameroun.com\/wp-content\/uploads\/2021\/08\/16280218822034-768x432.jpg 768w, https:\/\/www.journalducameroun.com\/wp-content\/uploads\/2021\/08\/16280218822034-1024x576.jpg 1024w, https:\/\/www.journalducameroun.com\/wp-content\/uploads\/2021\/08\/16280218822034-780x440.jpg 780w, https:\/\/www.journalducameroun.com\/wp-content\/uploads\/2021\/08\/16280218822034-380x215.jpg 380w, https:\/\/www.journalducameroun.com\/wp-content\/uploads\/2021\/08\/16280218822034-160x90.jpg 160w, https:\/\/www.journalducameroun.com\/wp-content\/uploads\/2021\/08\/16280218822034-240x135.jpg 240w, https:\/\/www.journalducameroun.com\/wp-content\/uploads\/2021\/08\/16280218822034-782x440.jpg 782w, https:\/\/www.journalducameroun.com\/wp-content\/uploads\/2021\/08\/16280218822034-600x338.jpg 600w\" sizes=\"auto, (max-width: 1920px) 100vw, 1920px\"><\/p>\n<p>Le projet de conception et de r\u00e9habilitation de la d\u00e9charge d&rsquo;Akou\u00e9do \u00e0 Abidjan co\u00fbtera 121 milliards FCFA, a appris APA, mardi, de source officielle.<\/p>\n<p>Ce projet structurant devrait notamment permettre, \u00e0 terme, la cr\u00e9ation d&rsquo;un parc urbain de plus 100 hectares ainsi que d&rsquo;une plateforme de traitement et de valorisation du biogaz par cog\u00e9n\u00e9ration, dont la production d&rsquo;\u00e9lectricit\u00e9 devrait atteindre une puissance d&rsquo;environ 2 m\u00e9gawatts.<\/p>\n<p>Ouverte en 1965, la d\u00e9charge d&rsquo;Akou\u00e9do a \u00e9t\u00e9 d\u00e9finitivement ferm\u00e9e en 2018 apr\u00e8s l&rsquo;acquisition de la d\u00e9charge de Kossihouen, sur l&rsquo;autoroute du Nord.<\/p>\n<p>Atlantique Finance, filiale du groupe marocain Banque centrale populaire (BCP), a pris part le 30 juillet 2021 en tant que chef de file du syndicat de placement, au lancement de la deuxi\u00e8me tranche de l&#8217;emprunt obligataire de l&rsquo;Etat de C\u00f4te d&rsquo;Ivoire, d\u00e9nomm\u00e9 \u00abTPCI 5,80% 2021-2028\u00bb, sur le march\u00e9 financier r\u00e9gional de l&rsquo;Union Mon\u00e9taire Ouest-Africaine.<\/p>\n<p>Cette seconde tranche de l&#8217;emprunt obligataire consacr\u00e9 aux travaux de r\u00e9habilitation de la d\u00e9charge d&rsquo;Akou\u00e9do a fait l&rsquo;objet, mardi, d&rsquo;un webinaire auquel ont pris part une centaine d&rsquo;investisseurs.<\/p>\n<p>D&rsquo;un montant de 50 milliards de FCFA, cette op\u00e9ration, constitu\u00e9e de 5 000 000 de titres d&rsquo;une valeur nominale de 10 000 FCFA, vise le financement partiel du projet de conception et de r\u00e9habilitation de la d\u00e9charge d&rsquo;Akou\u00e9do \u00e0 Abidjan.<\/p>\n<p>Ce projet vert porte notamment sur le traitement des d\u00e9chets, la production d&rsquo;\u00e9nergies renouvelables et la pr\u00e9servation de la biodiversit\u00e9.<\/p>\n<p>Le remboursement de l&#8217;emprunt se fera par amortissement constant au taux d&rsquo;int\u00e9r\u00eat annuel de 5,80%, sur une p\u00e9riode de 7 ans, dont deux ans de diff\u00e9r\u00e9. Les souscriptions se d\u00e9roulent du 30 juillet au 12 ao\u00fbt 2021.<\/p>\n<p>Le montant de cette op\u00e9ration (50 milliards de FCFA) constitue la deuxi\u00e8me tranche d&rsquo;un programme d&rsquo;\u00e9missions obligataires qui en compte trois, dont la premi\u00e8re (33,5 milliards de FCFA) a \u00e9t\u00e9 mobilis\u00e9e en 2020 et la troisi\u00e8me (37,993 milliards de FCFA) le sera en 2022, pour un total de plus de 121 milliards de FCFA.<\/p>\n<p>L&rsquo;op\u00e9ration a \u00e9t\u00e9 enregistr\u00e9e, le 28 juillet 2021, par le Conseil R\u00e9gional de l&rsquo;\u00e9pargne publique et des march\u00e9s financiers (CREPMF) de l&rsquo;UMOA.<\/p>\n<p>Cet article <a rel=\"nofollow\" href=\"https:\/\/www.journalducameroun.com\/cote-divoire-121-milliards-fcfa-pour-rehabiliter-la-decharge-dakouedo\/\">C\u00f4te d\u2019Ivoire: 121 milliards FCFA pour r\u00e9habiliter la d\u00e9charge d\u2019Akou\u00e9do<\/a> est apparu en premier sur <a rel=\"nofollow\" href=\"https:\/\/www.journalducameroun.com\/\">Journal du Cameroun<\/a>.<\/p>\n<\/div>\n<p>Auteur: APA News<br \/>\n<a href=\"https:\/\/www.journalducameroun.com\/cote-divoire-121-milliards-fcfa-pour-rehabiliter-la-decharge-dakouedo\/\">Cliquez ici pour lire l&rsquo;article depuis sa source.<\/a><\/p>\n","protected":false},"excerpt":{"rendered":"<p>Le projet de conception et de r\u00e9habilitation de la d\u00e9charge d&rsquo;Akou\u00e9do \u00e0 Abidjan co\u00fbtera 121 milliards FCFA, a appris APA, mardi, de source officielle. Ce projet structurant devrait notamment permettre, \u00e0 terme, la cr\u00e9ation d&rsquo;un parc urbain de plus 100 hectares ainsi que d&rsquo;une plateforme de traitement et de valorisation du biogaz par cog\u00e9n\u00e9ration, dont [&hellip;]<\/p>\n","protected":false},"author":1965,"featured_media":0,"comment_status":"closed","ping_status":"closed","sticky":false,"template":"","format":"standard","meta":{"fifu_image_url":"https:\/\/www.journalducameroun.com\/wp-content\/uploads\/2021\/08\/16280218822034.jpg","fifu_image_alt":"C\u00f4te d\u2019Ivoire: 121 milliards FCFA pour r\u00e9habiliter la d\u00e9charge d\u2019Akou\u00e9do","footnotes":""},"categories":[73,82],"tags":[],"class_list":["post-123189","post","type-post","status-publish","format-standard","hentry","category-actualite","category-cameroun"],"_links":{"self":[{"href":"https:\/\/linitiative.ca\/International\/wp-json\/wp\/v2\/posts\/123189","targetHints":{"allow":["GET"]}}],"collection":[{"href":"https:\/\/linitiative.ca\/International\/wp-json\/wp\/v2\/posts"}],"about":[{"href":"https:\/\/linitiative.ca\/International\/wp-json\/wp\/v2\/types\/post"}],"author":[{"embeddable":true,"href":"https:\/\/linitiative.ca\/International\/wp-json\/wp\/v2\/users\/1965"}],"replies":[{"embeddable":true,"href":"https:\/\/linitiative.ca\/International\/wp-json\/wp\/v2\/comments?post=123189"}],"version-history":[{"count":0,"href":"https:\/\/linitiative.ca\/International\/wp-json\/wp\/v2\/posts\/123189\/revisions"}],"wp:attachment":[{"href":"https:\/\/linitiative.ca\/International\/wp-json\/wp\/v2\/media?parent=123189"}],"wp:term":[{"taxonomy":"category","embeddable":true,"href":"https:\/\/linitiative.ca\/International\/wp-json\/wp\/v2\/categories?post=123189"},{"taxonomy":"post_tag","embeddable":true,"href":"https:\/\/linitiative.ca\/International\/wp-json\/wp\/v2\/tags?post=123189"}],"curies":[{"name":"wp","href":"https:\/\/api.w.org\/{rel}","templated":true}]}}