{"id":123191,"date":"2021-08-03T16:18:02","date_gmt":"2021-08-03T20:18:02","guid":{"rendered":"https:\/\/linitiative.ca\/International\/foot-issa-hayatou-epingle-dans-laffaire-lagardere-sports\/"},"modified":"2021-08-03T16:18:02","modified_gmt":"2021-08-03T20:18:02","slug":"foot-issa-hayatou-epingle-dans-laffaire-lagardere-sports","status":"publish","type":"post","link":"https:\/\/linitiative.ca\/International\/foot-issa-hayatou-epingle-dans-laffaire-lagardere-sports\/","title":{"rendered":"Foot : Issa Hayatou \u00e9pingl\u00e9 dans l\u2019affaire Lagard\u00e8re Sports"},"content":{"rendered":"<div>\n<p><img loading=\"lazy\" decoding=\"async\" width=\"1024\" height=\"682\" src=\"https:\/\/linitiative.ca\/International\/wp-content\/uploads\/sites\/23\/2021\/08\/16280218839423.jpg\" class=\"attachment-post-thumbnail size-post-thumbnail wp-post-image\" alt=\"\" srcset=\"https:\/\/linitiative.ca\/International\/wp-content\/uploads\/sites\/23\/2021\/08\/16280218839423.jpg 1024w, https:\/\/www.journalducameroun.com\/wp-content\/uploads\/2021\/08\/16280218839423-300x200.jpg 300w, https:\/\/www.journalducameroun.com\/wp-content\/uploads\/2021\/08\/16280218839423-768x512.jpg 768w, https:\/\/www.journalducameroun.com\/wp-content\/uploads\/2021\/08\/16280218839423-661x440.jpg 661w, https:\/\/www.journalducameroun.com\/wp-content\/uploads\/2021\/08\/16280218839423-600x400.jpg 600w\" sizes=\"auto, (max-width: 1024px) 100vw, 1024px\"><\/p>\n<p>La chambre de jugement de la Commission d&rsquo;\u00c9thique ind\u00e9pendante de la F\u00e9d\u00e9ration internationale de football association (Fifa) a d\u00e9clar\u00e9, ce mardi, que l&rsquo;ancien pr\u00e9sident de la Conf\u00e9d\u00e9ration africaine de football (Caf) \u00ab a manqu\u00e9 \u00e0 son devoir de loyaut\u00e9 \u00bb dans le cadre de cette fonction.Discret depuis son \u00e9viction de la pr\u00e9sidence de l&rsquo;instance fa\u00eeti\u00e8re du foot africain, Issa Hayatou est \u00ab reconnu coupable d&rsquo;infraction \u00e0 l&rsquo;article 15 (Devoir de loyaut\u00e9) de la derni\u00e8re \u00e9dition<br \/>\n\tdu Code d&rsquo;\u00e9thique de la Fifa \u00bb.<\/p>\n<p>La chambre de jugement du tribunal interne de la Fifa a indiqu\u00e9 dans sa d\u00e9cision que le Camerounais a sign\u00e9, au nom de la Caf, \u00ab un contrat contraire aux principes concurrentiels avec Lagard\u00e8re Sports \u00bb.<\/p>\n<p>Toujours selon cette juridiction bas\u00e9e \u00e0 Zurich (Suisse), l&rsquo;acte juridique \u00ab a eu des r\u00e9percussions d\u00e9sastreuses pour la Caf, \u00e0 la fois d&rsquo;un point de vue financier (10,7 millions d&rsquo;euros) et de son image \u00bb.<\/p>\n<p>La chambre de jugement de la Commission d&rsquo;\u00c9thique ind\u00e9pendante, se fondant sur les informations fournies par la chambre d&rsquo;instruction, a ainsi inflig\u00e9 \u00e0 l&rsquo;ex-pr\u00e9sident de la Caf \u00ab une suspension d&rsquo;un an de toute activit\u00e9 relative au football (administrative, sportive et autre) aux niveaux national et international \u00bb. Une sanction assortie d&rsquo;une amende de 27.897 euros.<\/p>\n<p>Issa Hayatou a fait l&rsquo;objet d&rsquo;une enqu\u00eate sur \u00ab (ces) agissements en tant que pr\u00e9sident de la Caf, notamment son implication dans les n\u00e9gociations, la finalisation et la signature du protocole d&rsquo;accord et du contrat concernant la commercialisation par la soci\u00e9t\u00e9 Lagard\u00e8re Sports des droits m\u00e9dias et marketing des comp\u00e9titions organis\u00e9es par la Caf entre 2014 et 2017\u00a0\u00bb.<\/p>\n<p>Cet article <a rel=\"nofollow\" href=\"https:\/\/www.journalducameroun.com\/foot-issa-hayatou-epingle-dans-laffaire-lagardere-sports\/\">Foot : Issa Hayatou \u00e9pingl\u00e9 dans l\u2019affaire Lagard\u00e8re Sports<\/a> est apparu en premier sur <a rel=\"nofollow\" href=\"https:\/\/www.journalducameroun.com\/\">Journal du Cameroun<\/a>.<\/p>\n<\/div>\n<p>Auteur: APA News<br \/>\n<a href=\"https:\/\/www.journalducameroun.com\/foot-issa-hayatou-epingle-dans-laffaire-lagardere-sports\/\">Cliquez ici pour lire l&rsquo;article depuis sa source.<\/a><\/p>\n","protected":false},"excerpt":{"rendered":"<p>La chambre de jugement de la Commission d&rsquo;\u00c9thique ind\u00e9pendante de la F\u00e9d\u00e9ration internationale de football association (Fifa) a d\u00e9clar\u00e9, ce mardi, que l&rsquo;ancien pr\u00e9sident de la Conf\u00e9d\u00e9ration africaine de football (Caf) \u00ab a manqu\u00e9 \u00e0 son devoir de loyaut\u00e9 \u00bb dans le cadre de cette fonction.Discret depuis son \u00e9viction de la pr\u00e9sidence de l&rsquo;instance fa\u00eeti\u00e8re [&hellip;]<\/p>\n","protected":false},"author":1965,"featured_media":0,"comment_status":"closed","ping_status":"closed","sticky":false,"template":"","format":"standard","meta":{"fifu_image_url":"https:\/\/www.journalducameroun.com\/wp-content\/uploads\/2021\/08\/16280218839423.jpg","fifu_image_alt":"Foot : Issa Hayatou \u00e9pingl\u00e9 dans l\u2019affaire Lagard\u00e8re Sports","footnotes":""},"categories":[73,82],"tags":[],"class_list":["post-123191","post","type-post","status-publish","format-standard","hentry","category-actualite","category-cameroun"],"_links":{"self":[{"href":"https:\/\/linitiative.ca\/International\/wp-json\/wp\/v2\/posts\/123191","targetHints":{"allow":["GET"]}}],"collection":[{"href":"https:\/\/linitiative.ca\/International\/wp-json\/wp\/v2\/posts"}],"about":[{"href":"https:\/\/linitiative.ca\/International\/wp-json\/wp\/v2\/types\/post"}],"author":[{"embeddable":true,"href":"https:\/\/linitiative.ca\/International\/wp-json\/wp\/v2\/users\/1965"}],"replies":[{"embeddable":true,"href":"https:\/\/linitiative.ca\/International\/wp-json\/wp\/v2\/comments?post=123191"}],"version-history":[{"count":0,"href":"https:\/\/linitiative.ca\/International\/wp-json\/wp\/v2\/posts\/123191\/revisions"}],"wp:attachment":[{"href":"https:\/\/linitiative.ca\/International\/wp-json\/wp\/v2\/media?parent=123191"}],"wp:term":[{"taxonomy":"category","embeddable":true,"href":"https:\/\/linitiative.ca\/International\/wp-json\/wp\/v2\/categories?post=123191"},{"taxonomy":"post_tag","embeddable":true,"href":"https:\/\/linitiative.ca\/International\/wp-json\/wp\/v2\/tags?post=123191"}],"curies":[{"name":"wp","href":"https:\/\/api.w.org\/{rel}","templated":true}]}}