{"id":123193,"date":"2021-08-03T17:18:02","date_gmt":"2021-08-03T21:18:02","guid":{"rendered":"https:\/\/linitiative.ca\/International\/maigre-bilan-pour-la-cote-divoire-aux-jo-tokyo-2021\/"},"modified":"2021-08-03T17:18:02","modified_gmt":"2021-08-03T21:18:02","slug":"maigre-bilan-pour-la-cote-divoire-aux-jo-tokyo-2021","status":"publish","type":"post","link":"https:\/\/linitiative.ca\/International\/maigre-bilan-pour-la-cote-divoire-aux-jo-tokyo-2021\/","title":{"rendered":"Maigre bilan pour la C\u00f4te d\u2019Ivoire aux JO Tokyo 2021"},"content":{"rendered":"<div>\n<p><img loading=\"lazy\" decoding=\"async\" width=\"512\" height=\"341\" src=\"https:\/\/linitiative.ca\/International\/wp-content\/uploads\/sites\/23\/2021\/08\/16280254829882.jpg\" class=\"attachment-post-thumbnail size-post-thumbnail wp-post-image\" alt=\"\" srcset=\"https:\/\/linitiative.ca\/International\/wp-content\/uploads\/sites\/23\/2021\/08\/16280254829882.jpg 512w, https:\/\/www.journalducameroun.com\/wp-content\/uploads\/2021\/08\/16280254829882-300x200.jpg 300w\" sizes=\"auto, (max-width: 512px) 100vw, 512px\"><\/p>\n<p>La C\u00f4te d&rsquo;Ivoire a boucl\u00e9 sa participation \u00e0 la 32\u00e8 \u00e9dition des Jeux olympiques (JO) officiellement ouverte le 23 juillet dernier \u00e0 Tokyo, dans la capitale japonaise.<\/p>\n<p>L&rsquo;\u00e9quipe ivoirienne rentrera donc \u00e0 Abidjan avec dans sa besace l&rsquo;unique m\u00e9daille de bronze glan\u00e9e par la taekwondo-in Ruth Marie Christelle Gbagbi.<\/p>\n<p>La plus grosse d\u00e9ception de ces jeux de Tokyo est pourtant venue de cette m\u00eame discipline sportive. Grand favori pour une m\u00e9daille d&rsquo;or pour la C\u00f4te d&rsquo;Ivoire, Cheick Sallah Ciss\u00e9, le m\u00e9daill\u00e9 olympique \u00e0 Rio 2016 a \u00e9t\u00e9 \u00e9limin\u00e9 en 8\u00e8 de finale d\u00e8s son 1er combat au Makuhari Hall.<\/p>\n<p>Toujours dans la m\u00eame discipline, Seydou Gban\u00e9 a d&rsquo;abord r\u00e9ussi \u00e0 d\u00e9tr\u00f4ner le vice-champion olympique des plus de 80 kg, le Nig\u00e9rien Abdoul Razak Issoufou Alfaga en 8\u00e8 de finale avant de se faire \u00e9liminer pour la suite de la comp\u00e9tition.<\/p>\n<p>\u00a0Quant \u00e0 la cadette de ce groupe notamment Aminata Charl\u00e8ne Traor\u00e9 (22 ans), elle est tomb\u00e9 au pied du podium en se faisant battre en match de classement pour la 3\u00e8 place.<\/p>\n<p>Trente et un athl\u00e8tes ivoiriens \u00e9taient en lice pour cette olympiade de Tokyo. Le plus fort contingent, c&rsquo;est-\u00e0-dire les 21 El\u00e9phants footballeurs ont \u00e9t\u00e9 d\u00e9faits en quarts de finale par l&rsquo;\u00e9quipe de l&rsquo;Espagne. Tout 1er athl\u00e8te \u00e0 qualifier la C\u00f4te d&rsquo;Ivoire en aviron \u00e0 une phase des JO, le rameur N&rsquo;Dri Franck n&rsquo;a pas r\u00e9ussi \u00e0 d\u00e9passer la serie des rep\u00eachages pour les quarts de finale du skiff hommes.<\/p>\n<p>Tout juste apr\u00e8s lui, ce sont deux autres athl\u00e8tes qui ont suivi. Il s&rsquo;agit de la nageuse Talita Te Flan qui a cal\u00e9 en s\u00e9rie du 400 m nage libre et la judokate Zouleiha Abzetta Dabonn\u00e9, tomb\u00e9e quant \u00e0 elle d\u00e8s les 16\u00e8 de finale.<\/p>\n<p>Derniers espoirs de la C\u00f4te d&rsquo;Ivoire pour d&rsquo;autres chances de m\u00e9dailles, les sprinteurs n&rsquo;ont pas eu les foul\u00e9es n\u00e9cessaires pour accomplir cet exploit. Muriel Ahour\u00e9 a \u00e9t\u00e9 \u00e9limin\u00e9e en demi-finale du 100 m f\u00e9minin, quand son compatriote Arthur Ciss\u00e9 se faisait battre aussi en demi-finale du 100 m messieurs.<\/p>\n<p>Toute derni\u00e8re chance de l&rsquo;\u00e9quipe ivoirienne, Marie-Jos\u00e9e Ta Lou a finalement perdu ses finales du 100 et du 200 m, arrivant respectivement au 4\u00e8 et au 5\u00e8 rang.<\/p>\n<p>Cet article <a rel=\"nofollow\" href=\"https:\/\/www.journalducameroun.com\/maigre-bilan-pour-la-cote-divoire-aux-jo-tokyo-2021\/\">Maigre bilan pour la C\u00f4te d\u2019Ivoire aux JO Tokyo 2021<\/a> est apparu en premier sur <a rel=\"nofollow\" href=\"https:\/\/www.journalducameroun.com\/\">Journal du Cameroun<\/a>.<\/p>\n<\/div>\n<p>Auteur: APA News<br \/>\n<a href=\"https:\/\/www.journalducameroun.com\/maigre-bilan-pour-la-cote-divoire-aux-jo-tokyo-2021\/\">Cliquez ici pour lire l&rsquo;article depuis sa source.<\/a><\/p>\n","protected":false},"excerpt":{"rendered":"<p>La C\u00f4te d&rsquo;Ivoire a boucl\u00e9 sa participation \u00e0 la 32\u00e8 \u00e9dition des Jeux olympiques (JO) officiellement ouverte le 23 juillet dernier \u00e0 Tokyo, dans la capitale japonaise. L&rsquo;\u00e9quipe ivoirienne rentrera donc \u00e0 Abidjan avec dans sa besace l&rsquo;unique m\u00e9daille de bronze glan\u00e9e par la taekwondo-in Ruth Marie Christelle Gbagbi. La plus grosse d\u00e9ception de ces [&hellip;]<\/p>\n","protected":false},"author":1965,"featured_media":0,"comment_status":"closed","ping_status":"closed","sticky":false,"template":"","format":"standard","meta":{"fifu_image_url":"https:\/\/www.journalducameroun.com\/wp-content\/uploads\/2021\/08\/16280254829882.jpg","fifu_image_alt":"Maigre bilan pour la C\u00f4te d\u2019Ivoire aux JO Tokyo 2021","footnotes":""},"categories":[73,82],"tags":[],"class_list":["post-123193","post","type-post","status-publish","format-standard","hentry","category-actualite","category-cameroun"],"_links":{"self":[{"href":"https:\/\/linitiative.ca\/International\/wp-json\/wp\/v2\/posts\/123193","targetHints":{"allow":["GET"]}}],"collection":[{"href":"https:\/\/linitiative.ca\/International\/wp-json\/wp\/v2\/posts"}],"about":[{"href":"https:\/\/linitiative.ca\/International\/wp-json\/wp\/v2\/types\/post"}],"author":[{"embeddable":true,"href":"https:\/\/linitiative.ca\/International\/wp-json\/wp\/v2\/users\/1965"}],"replies":[{"embeddable":true,"href":"https:\/\/linitiative.ca\/International\/wp-json\/wp\/v2\/comments?post=123193"}],"version-history":[{"count":0,"href":"https:\/\/linitiative.ca\/International\/wp-json\/wp\/v2\/posts\/123193\/revisions"}],"wp:attachment":[{"href":"https:\/\/linitiative.ca\/International\/wp-json\/wp\/v2\/media?parent=123193"}],"wp:term":[{"taxonomy":"category","embeddable":true,"href":"https:\/\/linitiative.ca\/International\/wp-json\/wp\/v2\/categories?post=123193"},{"taxonomy":"post_tag","embeddable":true,"href":"https:\/\/linitiative.ca\/International\/wp-json\/wp\/v2\/tags?post=123193"}],"curies":[{"name":"wp","href":"https:\/\/api.w.org\/{rel}","templated":true}]}}