{"id":123195,"date":"2021-08-03T03:04:44","date_gmt":"2021-08-03T07:04:44","guid":{"rendered":"https:\/\/linitiative.ca\/International\/apres-la-route-edea-kribi-la-bad-veut-financer-le-projet-damenagement-de-laxe-lolabe-campo\/"},"modified":"2021-08-03T03:04:44","modified_gmt":"2021-08-03T07:04:44","slug":"apres-la-route-edea-kribi-la-bad-veut-financer-le-projet-damenagement-de-laxe-lolabe-campo","status":"publish","type":"post","link":"https:\/\/linitiative.ca\/International\/apres-la-route-edea-kribi-la-bad-veut-financer-le-projet-damenagement-de-laxe-lolabe-campo\/","title":{"rendered":"Apr\u00e8s la route Ed\u00e9a-Kribi, la BAD veut financer le projet d\u2019am\u00e9nagement de l\u2019axe Lolab\u00e9-Campo"},"content":{"rendered":"<div>\n<p>Du 26 au 28 juillet dernier, une mission d\u2019\u00e9valuation de la BAD (conduite par Pierre Simon MORE NDONG, point focal du secteur transports de la BAD au Cameroun), assist\u00e9e de responsables du minist\u00e8re des Travaux Publics a s\u00e9journ\u00e9 \u00e0 Kribi. Objectif\u00a0: r\u00e9aliser des \u00e9tudes de terrain de la route Lolab\u00e9-Campo.<\/p>\n<p>Les r\u00e9sultats de ces \u00e9tudes seront pr\u00e9sent\u00e9s, d\u00e9but septembre prochain, au Conseil d\u2019Administration de l\u2019institution pr\u00e9sid\u00e9e par Akinwumi ADESINA. En vue d\u2019obtenir son approbation pour un \u00e9ventuel financement.<\/p>\n<p><strong>Lire aussi<\/strong> : <strong><a href=\"https:\/\/ecomatin.net\/la-bad-veut-inscrire-le-projet-de-rehabilitation-de-la-route-edea-kribi-dans-son-portefeuille\/\">La BAD veut inscrire le projet de r\u00e9habilitation de la route Ed\u00e9a-Kribi dans son portefeuille<\/a><\/strong><\/p>\n<p>Avant la route Lolab\u00e9-Campo, EcoMatin avait annonc\u00e9, fin juillet dernier, la volont\u00e9 de la repr\u00e9sentation de la BAD au Cameroun d\u2019inscrire la route Ed\u00e9a-Kribi (112 kilom\u00e8tres) dans la liste des projets \u00e0 soumettre \u00e0 l\u2019approbation du Conseil d\u2019Administration.<\/p>\n<p>Si ces projets obtiennent le quitus du Conseil d\u2019Administration, la BAD donnerait un s\u00e9rieux coup d\u2019acc\u00e9l\u00e9rateur dans le projet de d\u00e9senclavement du Port de Kribi, dont les activit\u00e9s restent plomb\u00e9es par le manque de dessertes.<\/p>\n<p><strong>Lire aussi<\/strong> : <strong><a href=\"https:\/\/ecomatin.net\/infrastructures-routieres-la-bad-boucle-le-financementt-de-117-milliards-de-la-ring-road\/\">Infrastructures routi\u00e8res : la BAD boucle le financement de 117 milliards de la Ring Road<\/a><\/strong><\/p>\n<p>\u00ab\u00a0C\u2019est la deuxi\u00e8me fois que le PAK accueille la BAD au cours des deux derni\u00e8res ann\u00e9es dans le cadre de l\u2019examen d\u2019une coop\u00e9ration technique et financi\u00e8re \u00e9ventuelle entre les deux parties. Ce qui constitue la confirmation de l\u2019engagement de la BAD \u00e0 contribuer de mani\u00e8re d\u00e9cisive \u00e0 la comp\u00e9titivit\u00e9 du Port de Kribi, tout en permettant aux populations riveraines de b\u00e9n\u00e9ficier pleinement des retomb\u00e9es de toute natures induites par la mont\u00e9e en puissance de notre plateforme logistique et industrielle d\u2019envergure internationale\u00a0\u00bb, s\u2019est r\u00e9joui BAKO HAROUNA, Directeur G\u00e9n\u00e9ral Adjoint du PAK.<\/p>\n<p><strong>Lire aussi<\/strong> : <strong><a href=\"https:\/\/ecomatin.net\/projets-integrateurs-de-la-cemac-les-partenaires-sont-connus\/\">Projets int\u00e9grateurs de la Cemac : les partenaires sont connus<\/a><\/strong><\/p>\n<p>\u00ab\u00a0Au terme de la derni\u00e8re visite qui s\u2019est tenue en mars 2020, il avait \u00e9t\u00e9 identifi\u00e9 parmi les potentiels axes de coop\u00e9ration, l\u2019appui de la BAD dans la mise en \u0153uvre du Programme d\u2019Accompagnement Socio-Economique de la ville de Kribi (PASEK) \u00e9labor\u00e9 par le PAK. A cet \u00e9gard, la BAD avait \u00e9voqu\u00e9 la possibilit\u00e9 d\u2019une prise en charge de ce programme \u00e0 travers le financement accord\u00e9 \u00e0 l\u2019Etat du Cameroun pour la r\u00e9alisation du Projet d\u2019Am\u00e9nagement des Routes de d\u00e9senclavement de la Zone Industrielle et portuaire de Kribi (PAR-ZIK)\u00a0\u00bb, a-t-il conclu.<\/p>\n<p><strong>Berty TOUNOUDJOU<\/strong><\/p>\n<p>L\u2019article <a rel=\"nofollow\" href=\"https:\/\/ecomatin.net\/apres-la-route-edea-kribi-la-bad-veutt-financer-le-projet-t-damenagement-de-laxe-lolabe-campo\/\">Apr\u00e8s la route Ed\u00e9a-Kribi, la BAD veut financer le projet d\u2019am\u00e9nagement de l\u2019axe Lolab\u00e9-Campo<\/a> est apparu en premier sur <a rel=\"nofollow\" href=\"https:\/\/ecomatin.net\/\">EcoMatin<\/a>.<\/p>\n<\/div>\n<p>Auteur: EcoMatin<br \/>\n<a href=\"https:\/\/ecomatin.net\/apres-la-route-edea-kribi-la-bad-veutt-financer-le-projet-t-damenagement-de-laxe-lolabe-campo\/\">Cliquez ici pour lire l&rsquo;article depuis sa source.<\/a><\/p>\n","protected":false},"excerpt":{"rendered":"<p>Du 26 au 28 juillet dernier, une mission d\u2019\u00e9valuation de la BAD (conduite par Pierre Simon MORE NDONG, point focal du secteur transports de la BAD au Cameroun), assist\u00e9e de responsables du minist\u00e8re des Travaux Publics a s\u00e9journ\u00e9 \u00e0 Kribi. Objectif\u00a0: r\u00e9aliser des \u00e9tudes de terrain de la route Lolab\u00e9-Campo. Les r\u00e9sultats de ces \u00e9tudes [&hellip;]<\/p>\n","protected":false},"author":1969,"featured_media":0,"comment_status":"closed","ping_status":"closed","sticky":false,"template":"","format":"standard","meta":{"fifu_image_url":"","fifu_image_alt":"","footnotes":""},"categories":[82,78],"tags":[],"class_list":["post-123195","post","type-post","status-publish","format-standard","hentry","category-cameroun","category-economie"],"_links":{"self":[{"href":"https:\/\/linitiative.ca\/International\/wp-json\/wp\/v2\/posts\/123195","targetHints":{"allow":["GET"]}}],"collection":[{"href":"https:\/\/linitiative.ca\/International\/wp-json\/wp\/v2\/posts"}],"about":[{"href":"https:\/\/linitiative.ca\/International\/wp-json\/wp\/v2\/types\/post"}],"author":[{"embeddable":true,"href":"https:\/\/linitiative.ca\/International\/wp-json\/wp\/v2\/users\/1969"}],"replies":[{"embeddable":true,"href":"https:\/\/linitiative.ca\/International\/wp-json\/wp\/v2\/comments?post=123195"}],"version-history":[{"count":0,"href":"https:\/\/linitiative.ca\/International\/wp-json\/wp\/v2\/posts\/123195\/revisions"}],"wp:attachment":[{"href":"https:\/\/linitiative.ca\/International\/wp-json\/wp\/v2\/media?parent=123195"}],"wp:term":[{"taxonomy":"category","embeddable":true,"href":"https:\/\/linitiative.ca\/International\/wp-json\/wp\/v2\/categories?post=123195"},{"taxonomy":"post_tag","embeddable":true,"href":"https:\/\/linitiative.ca\/International\/wp-json\/wp\/v2\/tags?post=123195"}],"curies":[{"name":"wp","href":"https:\/\/api.w.org\/{rel}","templated":true}]}}