{"id":123196,"date":"2021-08-03T06:16:10","date_gmt":"2021-08-03T10:16:10","guid":{"rendered":"https:\/\/linitiative.ca\/International\/le-budget-de-la-commune-de-kribi-2e-a-progresse-de-2061-pour-lexercice-clos-du-31-decembre-2020\/"},"modified":"2021-08-03T06:16:10","modified_gmt":"2021-08-03T10:16:10","slug":"le-budget-de-la-commune-de-kribi-2e-a-progresse-de-2061-pour-lexercice-clos-du-31-decembre-2020","status":"publish","type":"post","link":"https:\/\/linitiative.ca\/International\/le-budget-de-la-commune-de-kribi-2e-a-progresse-de-2061-pour-lexercice-clos-du-31-decembre-2020\/","title":{"rendered":"Le budget de la Commune de Kribi 2e a progress\u00e9 de 20,61% pour l\u2019exercice clos du 31 d\u00e9cembre 2020"},"content":{"rendered":"<div>\n<p>Le budget de la Commune d\u2019arrondissement de Kribi 2e a progress\u00e9 d\u2019environ 220,\u00a0554\u00a0millions de FCFA par rapport aux pr\u00e9visions faites en d\u00e9but d\u2019ann\u00e9e 2020. Au terme de l\u2019exercice clos du 31 d\u00e9cembre, il s\u2019est \u00e9tabli \u00e0 environ 1,070 milliard de FCFA. L\u2019annonce a \u00e9t\u00e9 faite par NOALE \u00e9pouse NTOUTOUM Th\u00e9orine Flavy, Maire, au cours de session ordinaire du conseil municipal relatif \u00e0 l\u2019examen et l\u2019adoption des comptes administratif, de gestion et de gestion mati\u00e8re de l\u2019exercice 2020.<\/p>\n<p><strong>Lire aussi<\/strong> : <strong><a href=\"https:\/\/ecomatin.net\/le-maire-de-kribi-2e-veutt-mettre-fin-a-lutilisationn-du-sable-de-mer-dans-less-fabriques-de-parpaings\/\">Le Maire de Kribi 2e veut mettre fin \u00e0 l\u2019utilisation du sable de mer dans les fabriques de parpaings<\/a><\/strong><\/p>\n<p>De mani\u00e8re globale, le compte administratif s\u2019\u00e9l\u00e8ve (en recettes) \u00e0 environ 688,620 millions de FCFA. Soit une hausse de 64,32% des recettes budg\u00e9taires. Les d\u00e9penses quant \u00e0 elles ont d\u00e9pass\u00e9 les 505,190 millions de FCFA, en hausse de 47,18%.<\/p>\n<p>Des expos\u00e9s pr\u00e9sent\u00e9s par le Maire, les recouvrements effectifs se sont chiffr\u00e9s \u00e0 un peu plus de 447, 814 millions de FCFA, en hausse de 74,27% des pr\u00e9visions budg\u00e9taires. Et s\u2019agissant des recettes purement fiscales, la masse de recouvrement des imp\u00f4ts \u00e9tait de 272,102 millions de FCFA.<\/p>\n<p><strong>Baisse<\/strong><\/p>\n<p>\u00ab\u00a0Les d\u00e9penses d\u2019investissement se sont chiffr\u00e9es \u00e0 environ 186,621 millions de FCFA. De mani\u00e8re globale, et au terme de l\u2019ex\u00e9cution du budget 2020, il est \u00e9vident de constater que le volume des ressources collect\u00e9es a \u00e9t\u00e9 satisfaisant. Ce qui justifie la proportion des actions et r\u00e9alisations entreprises dans les diff\u00e9rents chapitres\u00a0\u00bb, s\u2019est r\u00e9jouie Noale \u00e9pouse Ntoutoum Th\u00e9orine Flavy.<\/p>\n<p><strong>Lire aussi<\/strong> : <strong><a href=\"https:\/\/ecomatin.net\/des-investisseurs-marocainss-sinteressentt-au-port-de-kribi\/\">Des investisseurs marocains s\u2019int\u00e9ressent au Port de Kribi<\/a><\/strong><\/p>\n<p>Quelques baisses viennent noircir ce tableau. Les Centimes additionnels Communaux (CAC), dont le montant est rest\u00e9 \u00e0 moins de 59,513 millions de FCFA, largement en de\u00e7\u00e0 des pr\u00e9visions. Le niveau de recouvrement des droits d\u2019OTVP a \u00e9galement baiss\u00e9 de 50,03% par rapport aux pr\u00e9visions budg\u00e9taires. Une baisse caus\u00e9e notamment par \u00ab\u00a0la crise du COVID-19 et l\u2019incivisme de certains contribuables\u00a0\u00bb, explique la Maire.<\/p>\n<p><strong>Berty TOUNOUDJOU<\/strong><\/p>\n<p>L\u2019article <a rel=\"nofollow\" href=\"https:\/\/ecomatin.net\/le-budget-de-la-commune-de-de-kribi-2e-a-progresse-de-2061-pour-lexercice-closs-du-31-decembre-2020\/\">Le budget de la Commune de Kribi 2e a progress\u00e9 de 20,61% pour l\u2019exercice clos du 31 d\u00e9cembre 2020<\/a> est apparu en premier sur <a rel=\"nofollow\" href=\"https:\/\/ecomatin.net\/\">EcoMatin<\/a>.<\/p>\n<\/div>\n<p>Auteur: EcoMatin<br \/>\n<a href=\"https:\/\/ecomatin.net\/le-budget-de-la-commune-de-de-kribi-2e-a-progresse-de-2061-pour-lexercice-closs-du-31-decembre-2020\/\">Cliquez ici pour lire l&rsquo;article depuis sa source.<\/a><\/p>\n","protected":false},"excerpt":{"rendered":"<p>Le budget de la Commune d\u2019arrondissement de Kribi 2e a progress\u00e9 d\u2019environ 220,\u00a0554\u00a0millions de FCFA par rapport aux pr\u00e9visions faites en d\u00e9but d\u2019ann\u00e9e 2020. Au terme de l\u2019exercice clos du 31 d\u00e9cembre, il s\u2019est \u00e9tabli \u00e0 environ 1,070 milliard de FCFA. L\u2019annonce a \u00e9t\u00e9 faite par NOALE \u00e9pouse NTOUTOUM Th\u00e9orine Flavy, Maire, au cours de [&hellip;]<\/p>\n","protected":false},"author":1969,"featured_media":0,"comment_status":"closed","ping_status":"closed","sticky":false,"template":"","format":"standard","meta":{"fifu_image_url":"","fifu_image_alt":"","footnotes":""},"categories":[82,78],"tags":[],"class_list":["post-123196","post","type-post","status-publish","format-standard","hentry","category-cameroun","category-economie"],"_links":{"self":[{"href":"https:\/\/linitiative.ca\/International\/wp-json\/wp\/v2\/posts\/123196","targetHints":{"allow":["GET"]}}],"collection":[{"href":"https:\/\/linitiative.ca\/International\/wp-json\/wp\/v2\/posts"}],"about":[{"href":"https:\/\/linitiative.ca\/International\/wp-json\/wp\/v2\/types\/post"}],"author":[{"embeddable":true,"href":"https:\/\/linitiative.ca\/International\/wp-json\/wp\/v2\/users\/1969"}],"replies":[{"embeddable":true,"href":"https:\/\/linitiative.ca\/International\/wp-json\/wp\/v2\/comments?post=123196"}],"version-history":[{"count":0,"href":"https:\/\/linitiative.ca\/International\/wp-json\/wp\/v2\/posts\/123196\/revisions"}],"wp:attachment":[{"href":"https:\/\/linitiative.ca\/International\/wp-json\/wp\/v2\/media?parent=123196"}],"wp:term":[{"taxonomy":"category","embeddable":true,"href":"https:\/\/linitiative.ca\/International\/wp-json\/wp\/v2\/categories?post=123196"},{"taxonomy":"post_tag","embeddable":true,"href":"https:\/\/linitiative.ca\/International\/wp-json\/wp\/v2\/tags?post=123196"}],"curies":[{"name":"wp","href":"https:\/\/api.w.org\/{rel}","templated":true}]}}