{"id":123198,"date":"2021-08-03T13:05:35","date_gmt":"2021-08-03T17:05:35","guid":{"rendered":"https:\/\/linitiative.ca\/International\/filiere-rizicole-le-gouvernement-recherche-530-jeunes-riziculteurs-pour-booster-la-production-nationale\/"},"modified":"2021-08-03T13:05:35","modified_gmt":"2021-08-03T17:05:35","slug":"filiere-rizicole-le-gouvernement-recherche-530-jeunes-riziculteurs-pour-booster-la-production-nationale","status":"publish","type":"post","link":"https:\/\/linitiative.ca\/International\/filiere-rizicole-le-gouvernement-recherche-530-jeunes-riziculteurs-pour-booster-la-production-nationale\/","title":{"rendered":"Fili\u00e8re rizicole : le gouvernement recherche 530 jeunes riziculteurs pour booster la production nationale"},"content":{"rendered":"<div>\n<p>Le 17 juillet 2021,\u00a0\u00a0au Centre Multifonctionnel de Promotion des Jeunes d\u00e9partemental du Diamar\u00e9, r\u00e9gion de l\u2019Extr\u00eame-Nord, le ministre de la Jeunesse et de l\u2019Education civique, Mounouna Foutsou, a sign\u00e9 une convention de partenariat avec la Soci\u00e9t\u00e9 Camerounaise de Production de riz (SCPR), visant l\u2019installation de 1500 jeunes dans le Village pionnier de Zina dans d\u00e9partement du Logone et Chari en vue de la production de riz. Quelques jours apr\u00e8s, le 29 juillet dernier, le chef de ce d\u00e9partement minist\u00e9riel a proc\u00e9d\u00e9 au lancement du recrutement d\u2019une premi\u00e8re vague de 530 jeunes dans le cadre de ce projet. Les Camerounais des deux sexes s\u00e9lectionn\u00e9s dans ledit projet seront install\u00e9s dans la localit\u00e9 de Zina, et \u00ab\u00a0b\u00e9n\u00e9ficieront gratuitement de parcelles rizicoles am\u00e9nag\u00e9es, des intrants agricoles et d\u2019un suivi technique pour entretenir chacun sa parcelle sous l\u2019encadrement de la SCPR et du Minjec\u00a0\u00bb, renseigne le communiqu\u00e9 du ministre.<\/p>\n<p><strong>Lire aussi<\/strong> : <strong><a href=\"https:\/\/ecomatin.net\/consommation-le-mincommerce-rassure-sur-les-stocks-de-riz-disponibles-200-000-tonnes\/\">Consommation: le Mincommerce rassure sur les stocks de riz disponibles (200 000 tonnes)<\/a><\/strong><\/p>\n<p>Cette premi\u00e8re s\u00e9lection de 530 jeunes riziculteurs se fera en deux phases\u00a0: la premi\u00e8re consistera \u00e0 recruter 30 jeunes pour la campagne du mois d\u2019ao\u00fbt en cours, tandis que la seconde phase permettra de s\u00e9lectionner 500 jeunes \u00a0pour la campagne du mois de novembre 2021. \u00ab Peuvent faire acte de candidature, tous les jeunes Camerounais des deux sexes, \u00e2g\u00e9s de 15 \u00e0 35 ans, inscrits \u00e0 l\u2019Observatoire National de la Jeunesse et int\u00e9ress\u00e9s par la riziculture et pr\u00eats \u00e0 s\u2019installer \u00e0 Zina durant la p\u00e9riode de campagne agricole \u00bb, pr\u00e9cise le communiqu\u00e9 de Mounouma Foutsou. Les candidats ont jusqu\u2019au 15 ao\u00fbt prochain pour se manifester et d\u00e9poser leurs dossiers de candidature pour ce qui est de la premi\u00e8re vague des 30 jeunes riziculteurs, et le 20 octobre prochain en ce qui concerne les 500 jeunes de la campagne de novembre 2021.<\/p>\n<p><strong>Accroitre la production nationale<\/strong><\/p>\n<p>L\u2019on ignore encore l\u2019\u00e9tendue de la surface cultivable qui sera exploit\u00e9e dans le cadre du Village pionnier de Zina, encore moins la production de riz escompt\u00e9e \u00e0 court, moyen ou long terme, ne serait-ce que pour la campagne de r\u00e9colte prochaine. On sait tout de m\u00eame que \u00ab\u00a0les r\u00e9coltes seront automatiquement achet\u00e9es par la SCPR\u00a0\u00bb, souligne le Minjec. Il est ind\u00e9niable que le projet Village pionnier de Zina va permettre d\u2019am\u00e9liorer la production nationale de riz, laquelle avoisine \u00e0 peine 200.000 tonnes par an. En 2020, elle se chiffrait \u00e0 140.170 tonnes selon les donn\u00e9es du minist\u00e8re de l\u2019Agriculture et du d\u00e9veloppement rural, alors que la demande nationale durant cette m\u00eame ann\u00e9e s\u2019\u00e9levait \u00e0 600.000 tonnes. Le volume des exportations est sans cesse croissant pour tenter de combler le d\u00e9ficit de production.<\/p>\n<p><strong>Lire aussi<\/strong> : <strong><a href=\"https:\/\/ecomatin.net\/production-de-riz-letat-va-auditer-son-contratt-plan-de-8-milliards-avec-la-semry\/\">Production de riz : l\u2019Etat va auditer son contrat-plan de 8 milliards avec la Semry<\/a><\/strong><\/p>\n<p>A cet effet, la Soci\u00e9t\u00e9 d\u2019expansion et de modernisation de la riziculture de Yagoua (Semry), envisage pour sa part de tripler son volume de production annuelle d\u00e8s la prochaine campagne agricole, alors qu\u2019elle se chiffre actuellement \u00e0 60 000 tonnes. Elle vise donc au moins 180.000 tonnes d\u00e8s la prochaine campagne de r\u00e9colte, \u00e0 travers le projet de valorisation des investissements dans la vall\u00e9e du Logone (Viva Logone), lequel lui permettra d\u2019\u00e9tendre sa surface cultivable jusqu\u2019\u00e0 24.000 hectares. \u00ab A l\u2019issue de ce projet, des \u00e9tudes ont \u00e9t\u00e9 men\u00e9es pour augmenter l\u2019intensification culturale, c\u2019est-\u00e0-dire, au lieu de faire une culture par an sur la m\u00eame parcelle, il sera d\u00e9sormais question de faire deux productions par an sur la m\u00eame parcelle. On partirait de 60 000 tonnes de paddy produits actuellement, \u00e0 180 000 tonnes \u00bb, avait laiss\u00e9 entendre le Dg de la Semry, Fissou Kouma. Il va sans dire qu\u2019en plus des activit\u00e9s de la Semry, si le Village pionnier de Zina prend corps, il y a fort \u00e0 parier que la production nationale de riz va connaitre de l\u2019embellie.<\/p>\n<p><strong>Lire aussi<\/strong> : <strong><a href=\"https:\/\/ecomatin.net\/la-semry-vise-une-production-annuellle-de-180-000-tonnes-de-riz\/\">La Semry vise une production annuelle de 180 000 tonnes de riz<\/a><\/strong><\/p>\n<p>L\u2019article <a rel=\"nofollow\" href=\"https:\/\/ecomatin.net\/filiere-rizicole-le-gouvernementt-recherche-530-jeunes-riziculteurs-s-pour-booster-la-production-nationale\/\">Fili\u00e8re rizicole : le gouvernement recherche 530 jeunes riziculteurs pour booster la production nationale<\/a> est apparu en premier sur <a rel=\"nofollow\" href=\"https:\/\/ecomatin.net\/\">EcoMatin<\/a>.<\/p>\n<\/div>\n<p>Auteur: Yannick KENNE<br \/>\n<a href=\"https:\/\/ecomatin.net\/filiere-rizicole-le-gouvernementt-recherche-530-jeunes-riziculteurs-s-pour-booster-la-production-nationale\/\">Cliquez ici pour lire l&rsquo;article depuis sa source.<\/a><\/p>\n","protected":false},"excerpt":{"rendered":"<p>Le 17 juillet 2021,\u00a0\u00a0au Centre Multifonctionnel de Promotion des Jeunes d\u00e9partemental du Diamar\u00e9, r\u00e9gion de l\u2019Extr\u00eame-Nord, le ministre de la Jeunesse et de l\u2019Education civique, Mounouna Foutsou, a sign\u00e9 une convention de partenariat avec la Soci\u00e9t\u00e9 Camerounaise de Production de riz (SCPR), visant l\u2019installation de 1500 jeunes dans le Village pionnier de Zina dans d\u00e9partement [&hellip;]<\/p>\n","protected":false},"author":1969,"featured_media":0,"comment_status":"closed","ping_status":"closed","sticky":false,"template":"","format":"standard","meta":{"fifu_image_url":"","fifu_image_alt":"","footnotes":""},"categories":[82,78],"tags":[],"class_list":["post-123198","post","type-post","status-publish","format-standard","hentry","category-cameroun","category-economie"],"_links":{"self":[{"href":"https:\/\/linitiative.ca\/International\/wp-json\/wp\/v2\/posts\/123198","targetHints":{"allow":["GET"]}}],"collection":[{"href":"https:\/\/linitiative.ca\/International\/wp-json\/wp\/v2\/posts"}],"about":[{"href":"https:\/\/linitiative.ca\/International\/wp-json\/wp\/v2\/types\/post"}],"author":[{"embeddable":true,"href":"https:\/\/linitiative.ca\/International\/wp-json\/wp\/v2\/users\/1969"}],"replies":[{"embeddable":true,"href":"https:\/\/linitiative.ca\/International\/wp-json\/wp\/v2\/comments?post=123198"}],"version-history":[{"count":0,"href":"https:\/\/linitiative.ca\/International\/wp-json\/wp\/v2\/posts\/123198\/revisions"}],"wp:attachment":[{"href":"https:\/\/linitiative.ca\/International\/wp-json\/wp\/v2\/media?parent=123198"}],"wp:term":[{"taxonomy":"category","embeddable":true,"href":"https:\/\/linitiative.ca\/International\/wp-json\/wp\/v2\/categories?post=123198"},{"taxonomy":"post_tag","embeddable":true,"href":"https:\/\/linitiative.ca\/International\/wp-json\/wp\/v2\/tags?post=123198"}],"curies":[{"name":"wp","href":"https:\/\/api.w.org\/{rel}","templated":true}]}}