{"id":123199,"date":"2021-08-03T13:53:40","date_gmt":"2021-08-03T17:53:40","guid":{"rendered":"https:\/\/linitiative.ca\/International\/transport-ferroviaire-les-tarifs-du-train-express-de-camrail-augmentent-jusqua-150\/"},"modified":"2021-08-03T13:53:40","modified_gmt":"2021-08-03T17:53:40","slug":"transport-ferroviaire-les-tarifs-du-train-express-de-camrail-augmentent-jusqua-150","status":"publish","type":"post","link":"https:\/\/linitiative.ca\/International\/transport-ferroviaire-les-tarifs-du-train-express-de-camrail-augmentent-jusqua-150\/","title":{"rendered":"Transport ferroviaire : les tarifs du \u00ab Train Express \u00bb de Camrail augmentent jusqu\u2019\u00e0 150%"},"content":{"rendered":"<div><div data-elementor-type=\"wp-post\" data-elementor-id=\"29417\" class=\"elementor elementor-29417\" data-elementor-settings=\"[]\">\n\t\t\t\t\t\t<div class=\"elementor-inner\">\n\t\t\t\t\t\t\t<div class=\"elementor-section-wrap\">\n\t\t\t\t\t\t\t<section data-particle_enable=\"false\" data-particle-mobile-disabled=\"false\" class=\"elementor-section elementor-top-section elementor-element elementor-element-236e256 elementor-section-boxed elementor-section-height-default elementor-section-height-default\" data-id=\"236e256\" data-element_type=\"section\" data-settings='{\"ekit_has_onepagescroll_dot\":\"yes\"}'>\n\t\t\t\t\t\t<div class=\"elementor-container elementor-column-gap-default\">\n\t\t\t\t\t\t\t<div class=\"elementor-row\">\n\t\t\t\t\t<div class=\"elementor-column elementor-col-100 elementor-top-column elementor-element elementor-element-14bb74e1\" data-id=\"14bb74e1\" data-element_type=\"column\">\n\t\t\t<div class=\"elementor-column-wrap elementor-element-populated\">\n\t\t\t\t\t\t\t<div class=\"elementor-widget-wrap\">\n\t\t\t\t\t\t<div class=\"elementor-element elementor-element-38f6c38e elementor-widget elementor-widget-text-editor\" data-id=\"38f6c38e\" data-element_type=\"widget\" data-settings='{\"ekit_we_effect_on\":\"none\"}' data-widget_type=\"text-editor.default\">\n\t\t\t\t<div class=\"elementor-widget-container\">\n\t\t\t\t\t\t\t\t<div class=\"elementor-text-editor elementor-clearfix\">\n\t\t\t\t\t\n<p>Dans un communiqu\u00e9 rendu public le 27 juillet dernier, le directeur g\u00e9n\u00e9ral de la Cameroon Railways (Camrail), Pascal Miny, r\u00e9v\u00e8le que \u00ab\u00a0dans le cadre de la gestion du Train Express sur les relations Douala-Yaound\u00e9-Douala, il est port\u00e9 \u00e0 la connaissance du public que les nouveaux tarifs homologu\u00e9s contenus dans la grille tarifaire en annexe entreront en vigueur le 1<sup>er<\/sup>\u00a0ao\u00fbt 2021\u00a0\u00bb. Le document annex\u00e9 \u00e0 ce communiqu\u00e9 est en effet la nouvelle grille tarifaire du \u00ab\u00a0Train Express\u00a0\u00bb sur les trajets Douala-Yaound\u00e9-Douala, impliquant un rench\u00e9rissement du co\u00fbt du transport des personnes sur certaines liaisons. Dans cette grille rendue publique par la Direction des transports ferroviaires du Minist\u00e8re des Transports, si les tarifs des trajets Douala-Yaound\u00e9-Douala sont rest\u00e9s inchang\u00e9s comparativement \u00e0 l\u2019ancienne grille, aussi bien en premi\u00e8re classe qu\u2019en Premium, il n\u2019en n\u2019est pas de m\u00eame avec les autres liaisons, dont les tarifs ont subi des modifications.<\/p>\n\n\n\n<p><strong>Lire aussi<\/strong> : <strong><a href=\"https:\/\/ecomatin.net\/transport-ferroviaire-le-train-express-de-camrail-affiche-deja-des-insuffisances\/\">Transport ferroviaire : le \u00ab Train Express \u00bb de Camrail affiche d\u00e9j\u00e0 des insuffisances<\/a><\/strong><\/p>\n\n\n\n<p>L\u2019on enregistre des augmentations oscillant entre 15 et 150% (voir la nouvelle grille ci-dessous). C\u2019est le cas des liaisons Ed\u00e9a-Messondo-Ed\u00e9a, pour lesquelles il faudra d\u00e9sormais d\u00e9bourser 2500 F pour voyager en premi\u00e8re classe, contre 1000 F auparavant, soit une augmentation de 150%, tandis que pour les m\u00eames liaisons en classe Premium, il faut en d\u00e9penser 2000F, soit 100% du tarif pr\u00e9c\u00e9dent. Au demeurant, il faut \u00e9galement noter que certains tarifs ont \u00e9t\u00e9 revus \u00e0 la baisse, notamment sur le trajet Douala-Ed\u00e9a, qui est pass\u00e9 de 3500 \u00e0 3000 F en premi\u00e8re classe, et de 3000 \u00e0 2500 en classe Premium. On enregistre \u00e9galement jusqu\u2019\u00e0 150% de r\u00e9duction sur les tarifs de certaines liaisons en Premium, notamment Messondo-Yaound\u00e9, qui passe de 6000 \u00e0 4500 F.<\/p>\n\n\n\n<p><strong>Silence radio<\/strong><\/p>\n\n\n\n<p>Il importe \u00e9galement de pr\u00e9ciser que les tarifs pr\u00e9f\u00e9rentiels sont rest\u00e9s inchang\u00e9s, notamment pour certaines cat\u00e9gories de personnes. C\u2019est le cas des hommes en tenue qui b\u00e9n\u00e9ficient d\u2019une r\u00e9duction de 25% et payent 7500F sur les tarifs en aller simple en premi\u00e8re classe sur les liaisons Douala-Yaound\u00e9-Douala, l\u00e0 les personnes ordinaires payent 10.000F\u00a0; il en est de m\u00eame des personnes en situation de handicap, des enfants \u00e2g\u00e9s de 5 \u00e0 9 ans et des agents de Camrail disposant d\u2019un permis de circulation. A la lecture de la nouvelle grille tarifaire, il reste que la plupart des liaisons sont sujettes \u00e0 des augmentations, et jusqu\u2019ici, il demeure difficile de connaitre les vrais mobiles.<\/p>\n\n\n\n<p><strong>Lire aussi<\/strong> : <strong><a href=\"https:\/\/ecomatin.net\/camrail-les-verites-de-la-reprise-du-train-express\/\">Camrail : les v\u00e9rit\u00e9s de la reprise du train express<\/a><\/strong><\/p>\n\n\n\n<p>EcoMatin a entrepris des d\u00e9marches vers le minist\u00e8re des Transports et vers la Cameroon Railways pour en savoir davantage, mais aucune des deux structures n\u2019a cru devoir trouver des \u00e9l\u00e9ments justificatifs de cette flamb\u00e9e improvis\u00e9e des tarifs du \u00ab\u00a0Train Express\u00a0\u00bb pour satisfaire sa requ\u00eate. Pour m\u00e9moire, les activit\u00e9s du \u00ab\u00a0Train Express\u00a0\u00bb ont repris le 1<sup>er<\/sup>\u00a0juillet dernier, et d\u2019ores et d\u00e9j\u00e0, le concessionnaire de l\u2019exploitation la voie ferr\u00e9e, Camrail, annon\u00e7ait d\u00e9j\u00e0 des augmentations sur les tarifs des liaisons. Le Tain Express est n\u00e9 des cendres de l\u2019\u00ab\u00a0Intercity\u00a0\u00bb qui avait \u00e9t\u00e9 \u00e0 l\u2019origine d\u2019un accident ferroviaire \u00e0 Es\u00e9ka en 2016, ayant co\u00fbt\u00e9 la vie \u00e0 pr\u00e8s de 80 personnes.<\/p>\n\n\n\n<p><strong>Lire aussi<\/strong> : <strong><a href=\"https:\/\/ecomatin.net\/affaire-sitrafer-bollore-premiere-victoire-de-jacques-bimai-contre-camrail\/\">Affaire Sitrafer\/Bollor\u00e9 : premi\u00e8re victoire de Jacques Bimai contre Camrail<\/a><\/strong><\/p>\n\t\t\t\t\t<\/div>\n\t\t\t\t\t\t<\/div>\n\t\t\t\t<\/div>\n\t\t\t\t\t\t<\/div>\n\t\t\t\t\t<\/div>\n\t\t<\/div>\n\t\t\t\t\t\t\t\t<\/div>\n\t\t\t\t\t<\/div>\n\t\t<\/section>\n\t\t\t\t<section data-particle_enable=\"false\" data-particle-mobile-disabled=\"false\" class=\"elementor-section elementor-top-section elementor-element elementor-element-8c311ab elementor-section-boxed elementor-section-height-default elementor-section-height-default\" data-id=\"8c311ab\" data-element_type=\"section\" data-settings='{\"background_background\":\"classic\",\"ekit_has_onepagescroll_dot\":\"yes\"}'>\n\t\t\t\t\t\t<div class=\"elementor-container elementor-column-gap-default\">\n\t\t\t\t\t\t\t<div class=\"elementor-row\">\n\t\t\t\t\t<div class=\"elementor-column elementor-col-100 elementor-top-column elementor-element elementor-element-c30f74f\" data-id=\"c30f74f\" data-element_type=\"column\">\n\t\t\t<div class=\"elementor-column-wrap elementor-element-populated\">\n\t\t\t\t\t\t\t<div class=\"elementor-widget-wrap\">\n\t\t\t\t\t\t<section data-particle_enable=\"false\" data-particle-mobile-disabled=\"false\" class=\"elementor-section elementor-inner-section elementor-element elementor-element-b50f649 elementor-section-boxed elementor-section-height-default elementor-section-height-default\" data-id=\"b50f649\" data-element_type=\"section\" data-settings='{\"ekit_has_onepagescroll_dot\":\"yes\"}'>\n\t\t\t\t\t\t<div class=\"elementor-container elementor-column-gap-default\">\n\t\t\t\t\t\t\t<div class=\"elementor-row\">\n\t\t\t\t\t<div class=\"elementor-column elementor-col-50 elementor-inner-column elementor-element elementor-element-10dcd9c\" data-id=\"10dcd9c\" data-element_type=\"column\">\n\t\t\t<div class=\"elementor-column-wrap elementor-element-populated\">\n\t\t\t\t\t\t\t<div class=\"elementor-widget-wrap\">\n\t\t\t\t\t\t<div class=\"elementor-element elementor-element-8deb213 elementor-widget elementor-widget-text-editor\" data-id=\"8deb213\" data-element_type=\"widget\" data-settings='{\"ekit_we_effect_on\":\"none\"}' data-widget_type=\"text-editor.default\">\n\t\t\t\t<div class=\"elementor-widget-container\">\n\t\t\t\t\t\t\t\t<div class=\"elementor-text-editor elementor-clearfix\">\n\t\t\t\t\t<p><b><span lang=\"FR\">Tarifs premi\u00e8re classe TTC (En FCFA)\u00a0:<\/span><\/b><\/p>\n<p><span lang=\"FR\">Douala-Ed\u00e9a\u00a0: 3000f (-500)\/\/ Douala-Es\u00e9ka: 6000 (+500)\/\/ Douala-Ngoumou\u00a0: 8500 (+500)\/\/ Ed\u00e9a-Messondo-Ed\u00e9a\u00a0: 2500 (+1500)\/\/ Ed\u00e9a-Es\u00e9ka\u00a0: 3000 (+1000)\/\/ Ed\u00e9a-Makak-Ed\u00e9a\u00a0: 4500 (+1000)\/\/ Ed\u00e9a-Ngoumou\u00a0: 6000 (+1500)\/\/ Ed\u00e9a-Yaound\u00e9\u00a0: 7500 (-500)\/\/ Messondo-Es\u00e9ka\u00a0: 2500 (+1500)\/\/ Messondo-Makak\u00a0: 3000 (+500)\/\/ Messondo-Ngoumou\u00a0: 4000 (+500)\/\/ Messondo-Yaound\u00e9\u00a0: 6000 (-5000)\/\/ Makak-Es\u00e9ka\u00a0: 2500 (+1000)\/\/ Makak-Ngoumou-Makak\u00a0: 2500 (+1000)\/\/ Makak-Yaound\u00e9\u00a0: 3500 (-1000)\/\/ Ngoumou-Yaound\u00e9-Ngoumou\u00a0: 2500 (-500)\/\/ Yaound\u00e9-Es\u00e9ka\u00a0: 4500 (-500)\/\/ Yaound\u00e9-Makak\u00a0: 3500 (-1000)<\/span><\/p>\n<p><b><span lang=\"FR\">Douala-Yaound\u00e9-Douala\u00a0:<\/span><\/b><span lang=\"FR\">\u00a0<b>17 000 FCFA<\/b><\/span><\/p>\t\t\t\t\t<\/div>\n\t\t\t\t\t\t<\/div>\n\t\t\t\t<\/div>\n\t\t\t\t\t\t<\/div>\n\t\t\t\t\t<\/div>\n\t\t<\/div>\n\t\t\t\t<div class=\"elementor-column elementor-col-50 elementor-inner-column elementor-element elementor-element-cb0ea46\" data-id=\"cb0ea46\" data-element_type=\"column\">\n\t\t\t<div class=\"elementor-column-wrap elementor-element-populated\">\n\t\t\t\t\t\t\t<div class=\"elementor-widget-wrap\">\n\t\t\t\t\t\t<div class=\"elementor-element elementor-element-04ac4b9 elementor-widget elementor-widget-text-editor\" data-id=\"04ac4b9\" data-element_type=\"widget\" data-settings='{\"ekit_we_effect_on\":\"none\"}' data-widget_type=\"text-editor.default\">\n\t\t\t\t<div class=\"elementor-widget-container\">\n\t\t\t\t\t\t\t\t<div class=\"elementor-text-editor elementor-clearfix\">\n\t\t\t\t\t<p><b><span lang=\"FR\">Tarifs Premium TTC (En FCFA) :<\/span><\/b><\/p>\n<p><span lang=\"FR\">Douala-Ed\u00e9a-Douala\u00a0: 2500 (-500)\/\/ Douala-Messondo-Douala\u00a0: 3500 (+500)\/\/ Douala-Es\u00e9ka-Douala\u00a0: 4500 (-500)\/\/ Ed\u00e9a-Messondo-Ed\u00e9a\u00a0: 2000 (+1000)\/\/ Ed\u00e9a-Es\u00e9ka\u00a0: 3000 (+1000)\/\/ Ed\u00e9a-Makak-Ed\u00e9a\u00a0: 3500 (+500)\/\/ Ed\u00e9a-Ngoumou\u00a0: 4500 (+500)\/\/ Ed\u00e9a-Yaound\u00e9\u00a0: 6000 (-1000)\/\/ Messondo-Es\u00e9ka\u00a0: 2000 (+1000)\/\/ Messondo-Makak\u00a0: 2500 (+500)\/\/ Messondo-Ngoumou\u00a0: 3500 (+500)\/\/ Messondo-Yaound\u00e9\u00a0: 4500 (-1500)\/\/ Makak-Es\u00e9ka\u00a0: 2000 (+1000)\/\/ Makak-Ngoumou-Makak\u00a0: 2000 (+1000)\/\/ Makak-Yaound\u00e9\u00a0: 3000 (-1000)\/\/ Ngoumou-Yaound\u00e9-Ngoumou\u00a0: 2000 (-1000)\/\/ Yaound\u00e9-Es\u00e9ka\u00a0: 4000 (-1000)\/\/ Yaound\u00e9-Makak\u00a0: 3000 (-1000)<\/span><\/p>\n<p><b><span lang=\"FR\">Douala-Yaound\u00e9-Douala: 14 000 FCFA<\/span><\/b><\/p>\t\t\t\t\t<\/div>\n\t\t\t\t\t\t<\/div>\n\t\t\t\t<\/div>\n\t\t\t\t\t\t<\/div>\n\t\t\t\t\t<\/div>\n\t\t<\/div>\n\t\t\t\t\t\t\t\t<\/div>\n\t\t\t\t\t<\/div>\n\t\t<\/section>\n\t\t\t\t\t\t<\/div>\n\t\t\t\t\t<\/div>\n\t\t<\/div>\n\t\t\t\t\t\t\t\t<\/div>\n\t\t\t\t\t<\/div>\n\t\t<\/section>\n\t\t\t\t\t\t<\/div>\n\t\t\t\t\t\t<\/div>\n\t\t\t\t\t<\/div>\n\t\t<p>L\u2019article <a rel=\"nofollow\" href=\"https:\/\/ecomatin.net\/transport-ferroviaire-les-tarifs-du-train-express-de-camrail-augmentent-jusqua-150\/\">Transport ferroviaire : les tarifs du \u00ab Train Express \u00bb de Camrail augmentent jusqu\u2019\u00e0 150%<\/a> est apparu en premier sur <a rel=\"nofollow\" href=\"https:\/\/ecomatin.net\/\">EcoMatin<\/a>.<\/p><\/div>\r\nAuteur: Yannick KENNE\r\n<a href=\"https:\/\/ecomatin.net\/transport-ferroviaire-les-tarifs-du-train-express-de-camrail-augmentent-jusqua-150\/\">Cliquez ici pour lire l&rsquo;article depuis sa source.<\/a><br \/>","protected":false},"excerpt":{"rendered":"<p>Dans un communiqu\u00e9 rendu public le 27 juillet dernier, le directeur g\u00e9n\u00e9ral de la Cameroon Railways (Camrail), Pascal Miny, r\u00e9v\u00e8le que \u00ab\u00a0dans le cadre de la gestion du Train Express sur les relations Douala-Yaound\u00e9-Douala, il est port\u00e9 \u00e0 la connaissance du public que les nouveaux tarifs homologu\u00e9s contenus dans la grille tarifaire en annexe entreront [&hellip;]<\/p>\n","protected":false},"author":1969,"featured_media":0,"comment_status":"closed","ping_status":"closed","sticky":false,"template":"","format":"standard","meta":{"fifu_image_url":"","fifu_image_alt":"","footnotes":""},"categories":[82,78],"tags":[],"class_list":["post-123199","post","type-post","status-publish","format-standard","hentry","category-cameroun","category-economie"],"_links":{"self":[{"href":"https:\/\/linitiative.ca\/International\/wp-json\/wp\/v2\/posts\/123199","targetHints":{"allow":["GET"]}}],"collection":[{"href":"https:\/\/linitiative.ca\/International\/wp-json\/wp\/v2\/posts"}],"about":[{"href":"https:\/\/linitiative.ca\/International\/wp-json\/wp\/v2\/types\/post"}],"author":[{"embeddable":true,"href":"https:\/\/linitiative.ca\/International\/wp-json\/wp\/v2\/users\/1969"}],"replies":[{"embeddable":true,"href":"https:\/\/linitiative.ca\/International\/wp-json\/wp\/v2\/comments?post=123199"}],"version-history":[{"count":0,"href":"https:\/\/linitiative.ca\/International\/wp-json\/wp\/v2\/posts\/123199\/revisions"}],"wp:attachment":[{"href":"https:\/\/linitiative.ca\/International\/wp-json\/wp\/v2\/media?parent=123199"}],"wp:term":[{"taxonomy":"category","embeddable":true,"href":"https:\/\/linitiative.ca\/International\/wp-json\/wp\/v2\/categories?post=123199"},{"taxonomy":"post_tag","embeddable":true,"href":"https:\/\/linitiative.ca\/International\/wp-json\/wp\/v2\/tags?post=123199"}],"curies":[{"name":"wp","href":"https:\/\/api.w.org\/{rel}","templated":true}]}}