{"id":123200,"date":"2021-08-04T09:30:52","date_gmt":"2021-08-04T13:30:52","guid":{"rendered":"https:\/\/linitiative.ca\/International\/distribution-et-vente-des-laits-infantiles-le-rappel-a-lordre-du-ministere-de-la-sante\/"},"modified":"2021-08-04T09:30:52","modified_gmt":"2021-08-04T13:30:52","slug":"distribution-et-vente-des-laits-infantiles-le-rappel-a-lordre-du-ministere-de-la-sante","status":"publish","type":"post","link":"https:\/\/linitiative.ca\/International\/distribution-et-vente-des-laits-infantiles-le-rappel-a-lordre-du-ministere-de-la-sante\/","title":{"rendered":"Distribution et vente des laits infantiles : Le rappel \u00e0 l\u2019ordre du minist\u00e8re de la sant\u00e9"},"content":{"rendered":"<div>\n<p><img decoding=\"async\" width=\"300\" height=\"153\" src=\"https:\/\/linitiative.ca\/International\/wp-content\/uploads\/sites\/23\/2021\/08\/laits-infantiles-300x153-1.jpg\" class=\"attachment-medium size-medium wp-post-image\" alt=\"\" loading=\"lazy\" srcset=\"\/\/aujourdhui.ma\/wp-content\/uploads\/2020\/05\/laits-infantiles-300x153.jpg 300w, \/\/aujourdhui.ma\/wp-content\/uploads\/2020\/05\/laits-infantiles-274x140.jpg 274w, \/\/aujourdhui.ma\/wp-content\/uploads\/2020\/05\/laits-infantiles.jpg 746w, \/\/aujourdhui.ma\/wp-content\/uploads\/2020\/05\/laits-infantiles-165x84.jpg 165w, \/\/aujourdhui.ma\/wp-content\/uploads\/2020\/05\/laits-infantiles-702x358.jpg 702w\" sizes=\"auto, (max-width: 300px) 100vw, 300px\"><\/p>\n<p><span style=\"color: #800000;\"><strong>La Direction du m\u00e9dicament et de la pharmacie a \u00e9mis r\u00e9cemment une circulaire (N6\/100DMP\/D\/18) relative au respect du circuit l\u00e9gal de distribution, de dispensation et de vente des laits, des aliments lact\u00e9s di\u00e9t\u00e9tiques pour nourrissons et des aliments de r\u00e9gime destin\u00e9s aux enfants de premier \u00e2ge (0 \u00e0 6 mois).<\/strong><\/span><span id=\"more-383296\"><\/span><\/p>\n<p>Cette circulaire fait suite \u00e0 la notification de plusieurs violations des dispositions l\u00e9gislatives et r\u00e9glementaires r\u00e9gissant le circuit de vente et de distribution desdits produits. A travers cette circulaire, le minist\u00e8re de la sant\u00e9 rappelle les dispositions de l\u2019article 30 de la loi 17-04 portant code du m\u00e9dicament et de la pharmacie qui stipule que \u00absont r\u00e9serv\u00e9s exclusivement aux pharmaciens d\u2019officine: les laits, les aliments lact\u00e9s di\u00e9t\u00e9tiques pour nourrissons et les aliments de r\u00e9gime destin\u00e9s aux enfants de premier \u00e2ge\u00bb.<\/p>\n<p>Et par cons\u00e9quent, conform\u00e9ment aux dispositions de la loi 17-04, la distribution, la dispensation et la vente de ces produits doivent s\u2019effectuer dans le strict respect du circuit l\u00e9gal suivant: les \u00e9tablissements pharmaceutiques industriels et les \u00e9tablissements pr\u00e9alablement autoris\u00e9s par le minist\u00e8re de la sant\u00e9; les \u00e9tablissements pharmaceutiques grossistes r\u00e9partiteurs et les pharmacies d\u2019officines. Toute infraction constat\u00e9e \u00e0 la non application stricte de ladite circulaire engagera des poursuites judiciaires par le minist\u00e8re de la sant\u00e9.<\/p>\n<\/div>\n<p>Auteur: ALM<br \/>\n<a href=\"https:\/\/aujourdhui.ma\/societe\/distribution-et-vente-des-laits-infantiles-le-rappel-a-lordre-du-ministere-de-la-sante\">Cliquez ici pour lire l&rsquo;article depuis sa source.<\/a><\/p>\n","protected":false},"excerpt":{"rendered":"<p>La Direction du m\u00e9dicament et de la pharmacie a \u00e9mis r\u00e9cemment une circulaire (N6\/100DMP\/D\/18) relative au respect du circuit l\u00e9gal de distribution, de dispensation et de vente des laits, des aliments lact\u00e9s di\u00e9t\u00e9tiques pour nourrissons et des aliments de r\u00e9gime destin\u00e9s aux enfants de premier \u00e2ge (0 \u00e0 6 mois). Cette circulaire fait suite \u00e0 [&hellip;]<\/p>\n","protected":false},"author":1759,"featured_media":0,"comment_status":"closed","ping_status":"closed","sticky":false,"template":"","format":"standard","meta":{"fifu_image_url":"https:\/\/aujourdhui.ma\/wp-content\/uploads\/2020\/05\/laits-infantiles-300x153.jpg","fifu_image_alt":"Distribution et vente des laits infantiles : Le rappel \u00e0 l\u2019ordre du minist\u00e8re de la sant\u00e9","footnotes":""},"categories":[73,54],"tags":[],"class_list":["post-123200","post","type-post","status-publish","format-standard","hentry","category-actualite","category-maroc"],"_links":{"self":[{"href":"https:\/\/linitiative.ca\/International\/wp-json\/wp\/v2\/posts\/123200","targetHints":{"allow":["GET"]}}],"collection":[{"href":"https:\/\/linitiative.ca\/International\/wp-json\/wp\/v2\/posts"}],"about":[{"href":"https:\/\/linitiative.ca\/International\/wp-json\/wp\/v2\/types\/post"}],"author":[{"embeddable":true,"href":"https:\/\/linitiative.ca\/International\/wp-json\/wp\/v2\/users\/1759"}],"replies":[{"embeddable":true,"href":"https:\/\/linitiative.ca\/International\/wp-json\/wp\/v2\/comments?post=123200"}],"version-history":[{"count":0,"href":"https:\/\/linitiative.ca\/International\/wp-json\/wp\/v2\/posts\/123200\/revisions"}],"wp:attachment":[{"href":"https:\/\/linitiative.ca\/International\/wp-json\/wp\/v2\/media?parent=123200"}],"wp:term":[{"taxonomy":"category","embeddable":true,"href":"https:\/\/linitiative.ca\/International\/wp-json\/wp\/v2\/categories?post=123200"},{"taxonomy":"post_tag","embeddable":true,"href":"https:\/\/linitiative.ca\/International\/wp-json\/wp\/v2\/tags?post=123200"}],"curies":[{"name":"wp","href":"https:\/\/api.w.org\/{rel}","templated":true}]}}