{"id":123215,"date":"2021-08-03T14:00:00","date_gmt":"2021-08-03T18:00:00","guid":{"rendered":"https:\/\/linitiative.ca\/International\/la-prise-de-conscience-sanitaire\/"},"modified":"2021-08-03T14:00:00","modified_gmt":"2021-08-03T18:00:00","slug":"la-prise-de-conscience-sanitaire","status":"publish","type":"post","link":"https:\/\/linitiative.ca\/International\/la-prise-de-conscience-sanitaire\/","title":{"rendered":"La prise de conscience sanitaire !"},"content":{"rendered":"<div>\n<p class=\"has-text-align-left has-vivid-cyan-blue-color has-text-color\"><strong>La pand\u00e9mie se d\u00e9cha\u00eene, un peu partout dans le monde. Elle r\u00e9cidive de plus belle, au d\u00e9sarroi de l\u2019humanit\u00e9 qui p\u00e2tit sous son emprise d\u00e9sormais intenable. A l\u2019instar de nombre de pays, frapp\u00e9s par la hantise de la chronicit\u00e9 virale, le n\u00f4tre se d\u00e9ploie \u00e0 rude \u00e9preuve pour l\u2019enrayer \u00e0 travers cette t\u00e9nacit\u00e9 d\u2019y faire face, mais aussi cet ardent d\u00e9sir de parvenir \u00e0 l\u2019immunit\u00e9 collective au plus vite, par l\u2019appropriation de l\u2019industrie vaccinale. Sans nullement verser dans la panique alarmiste ni se retrouver \u00e0 cours de moyens \u00e0 juguler l\u2019\u00e9pid\u00e9mie ravageuse, le Maroc se paie m\u00eame le luxe de s\u2019\u00e9riger en mod\u00e8le de ma\u00eetrise de l\u2019exercice aussi bien en mati\u00e8re de confrontation directe, de maintenance de l\u2019\u00e9quilibre \u00e9conomique que d\u2019entreprise de vaccination. De ce fait, on savait bien que la p\u00e9riode estivale, sous la tension caniculaire, allait s\u2019illustrer par la flamb\u00e9e d\u00e9bordante des cas atteints et des tr\u00e9pas quotidiens. Mais, il aurait \u00e9t\u00e9 quasi-cynique d\u2019\u00e9touffer la liesse populaire, plus particuli\u00e8rement aux marocains du monde, encore une fois pour retourner au bercail, en ces moments festifs qui co\u00efncident avec les vacances et les cong\u00e9s d\u2019\u00e9t\u00e9. De m\u00eame, on ne pouvait pas non plus se permettre de proc\u00e9der au confinement ni \u00e0 la fermeture de la vie active, au moment o\u00f9 on se met \u00e0 se relever petit \u00e0 petit, du prix de la facture de mesures drastiques de l\u2019ann\u00e9e \u00e9coul\u00e9e.<\/strong><\/p>\n<p class=\"has-text-align-left has-black-color has-text-color\">De crainte d\u2019occasionner une frustration profonde dans les diverses franges de la soci\u00e9t\u00e9 ou encore une asphyxie totale au sein de l\u2019entreprise, on s\u2019est donc content\u00e9 de recourir au dosage de ces d\u00e9cisions en \u00a0fonction de la virulence \u00e9pid\u00e9miologique. En parall\u00e8le, on s\u2019est forc\u00e9ment focalis\u00e9 sur l\u2019op\u00e9ration vaccinale \u00e0 brides abattues, en multipliant l\u2019approvisionnement en doses et surtout en se lan\u00e7ant \u00e0 mettre sur pied une r\u00e9elle plateforme de mobilisation et de fabrication de vaccin. Malgr\u00e9 les faiblesses qui ont marqu\u00e9 son syst\u00e8me sanitaire, en raison de sa \u00ab politique anti-sociale \u00bb \u00a0lors des longues ann\u00e9es de la paup\u00e9risation, il s\u2019av\u00e8re aujourd\u2019hui que la souverainet\u00e9 de la sant\u00e9 est une condition sine qua none \u00e0 la promotion et la prosp\u00e9rit\u00e9 de l\u2019\u00e9l\u00e9ment humain et se hisse en priorit\u00e9 absolue, aux c\u00f4t\u00e9s de l\u2019\u00e9ducation, l\u2019emploi et la culture. Le Covid-19 aura alors servi de le\u00e7on pour que l\u2019on s\u2019en rende compte et s\u2019y mette \u00e0 c\u0153ur afin de contenir le fl\u00e9au et, partant se ressaisir en vue de p\u00e9renniser la sant\u00e9 \u00a0pour tous et toutes, en termes de structures sanitaires fiables, de ressources humaines \u00e9difiantes, de suffisance m\u00e9dicamenteuse \u00e0 la port\u00e9e des couches sociales d\u00e9munies et des moyens budg\u00e9taires de nature \u00e0 assouvir ces attentes et dispositions.<\/p>\n<p>L\u2019article <a rel=\"nofollow\" href=\"http:\/\/albayane.press.ma\/la-prise-de-conscience-sanitaire.html\">La prise de conscience sanitaire !<\/a> est apparu en premier sur <a rel=\"nofollow\" href=\"http:\/\/albayane.press.ma\/\">ALBAYANE<\/a>.<\/p>\n<\/div>\n<p>Auteur: M&rsquo;hammed rahal<br \/>\n<a href=\"http:\/\/albayane.press.ma\/la-prise-de-conscience-sanitaire.html\">Cliquez ici pour lire l&rsquo;article depuis sa source.<\/a><\/p>\n","protected":false},"excerpt":{"rendered":"<p>La pand\u00e9mie se d\u00e9cha\u00eene, un peu partout dans le monde. Elle r\u00e9cidive de plus belle, au d\u00e9sarroi de l\u2019humanit\u00e9 qui p\u00e2tit sous son emprise d\u00e9sormais intenable. A l\u2019instar de nombre de pays, frapp\u00e9s par la hantise de la chronicit\u00e9 virale, le n\u00f4tre se d\u00e9ploie \u00e0 rude \u00e9preuve pour l\u2019enrayer \u00e0 travers cette t\u00e9nacit\u00e9 d\u2019y faire [&hellip;]<\/p>\n","protected":false},"author":1760,"featured_media":0,"comment_status":"closed","ping_status":"closed","sticky":false,"template":"","format":"standard","meta":{"fifu_image_url":"","fifu_image_alt":"","footnotes":""},"categories":[73,54],"tags":[],"class_list":["post-123215","post","type-post","status-publish","format-standard","hentry","category-actualite","category-maroc"],"_links":{"self":[{"href":"https:\/\/linitiative.ca\/International\/wp-json\/wp\/v2\/posts\/123215","targetHints":{"allow":["GET"]}}],"collection":[{"href":"https:\/\/linitiative.ca\/International\/wp-json\/wp\/v2\/posts"}],"about":[{"href":"https:\/\/linitiative.ca\/International\/wp-json\/wp\/v2\/types\/post"}],"author":[{"embeddable":true,"href":"https:\/\/linitiative.ca\/International\/wp-json\/wp\/v2\/users\/1760"}],"replies":[{"embeddable":true,"href":"https:\/\/linitiative.ca\/International\/wp-json\/wp\/v2\/comments?post=123215"}],"version-history":[{"count":0,"href":"https:\/\/linitiative.ca\/International\/wp-json\/wp\/v2\/posts\/123215\/revisions"}],"wp:attachment":[{"href":"https:\/\/linitiative.ca\/International\/wp-json\/wp\/v2\/media?parent=123215"}],"wp:term":[{"taxonomy":"category","embeddable":true,"href":"https:\/\/linitiative.ca\/International\/wp-json\/wp\/v2\/categories?post=123215"},{"taxonomy":"post_tag","embeddable":true,"href":"https:\/\/linitiative.ca\/International\/wp-json\/wp\/v2\/tags?post=123215"}],"curies":[{"name":"wp","href":"https:\/\/api.w.org\/{rel}","templated":true}]}}