{"id":123216,"date":"2021-08-03T14:00:00","date_gmt":"2021-08-03T18:00:00","guid":{"rendered":"https:\/\/linitiative.ca\/International\/signature-dun-accord-de-transfert-de-technologie-maroc-bresil\/"},"modified":"2021-08-03T14:00:00","modified_gmt":"2021-08-03T18:00:00","slug":"signature-dun-accord-de-transfert-de-technologie-maroc-bresil","status":"publish","type":"post","link":"https:\/\/linitiative.ca\/International\/signature-dun-accord-de-transfert-de-technologie-maroc-bresil\/","title":{"rendered":"Signature d\u2019un accord de transfert de technologie Maroc-Br\u00e9sil"},"content":{"rendered":"<div>\n<p class=\"has-text-align-center has-vivid-red-color has-text-color\"><strong>Mobilit\u00e9 \u00e9lectrique<\/strong><\/p>\n<p class=\"has-text-align-left has-black-color has-text-color\"><strong>Le Green Energy Park (GEP), une plateforme de recherche et de formation en \u00e9nergie solaire bas\u00e9e dans la ville verte de BenGuerir, a sign\u00e9 un accord de transfert de technologie avec un r\u00e9seau de chercheurs br\u00e9siliens en mati\u00e8re de chargeurs de batteries de voitures, indique la Chambre de commerce arabo-br\u00e9silienne.<\/strong><\/p>\n<p class=\"has-text-align-left has-black-color has-text-color\">L\u2019accord a \u00e9t\u00e9 sign\u00e9 entre l\u2019Inesc P&amp;D Brasil, une institution scientifique et technologique non gouvernementale, et GEP, qui est le fruit d\u2019un partenariat entre le Groupe OCP et l\u2019Institut de Recherche en \u00c9nergie Solaire et \u00c9nergies Nouvelles (l\u2019Iresen).<\/p>\n<p class=\"has-text-align-left has-black-color has-text-color\">Le pr\u00e9sident d\u2019Inesc P&amp;D Br\u00e9sil, Vladimiro Miranda, cit\u00e9 par ANBA, l\u2019agence de presse de la Chambre de commerce, a expliqu\u00e9 qu\u2019il ne s\u2019agit pas du premier partenariat entre l\u2019institution br\u00e9silienne et le Maroc.<\/p>\n<p class=\"has-text-align-left has-black-color has-text-color\">Dans un autre projet initi\u00e9 pendant la pand\u00e9mie, des chercheurs br\u00e9siliens, portugais et marocains ont travaill\u00e9 ensemble sur le \u00ab\u00a0vita pneuma\u00a0\u00bb, un appareil utilis\u00e9 en cas d\u2019urgences li\u00e9es au covid-19. La coop\u00e9ration tripartite consistait \u00e0 \u00e9changer des informations et \u00e0 d\u00e9velopper des produits locaux, r\u00e9pondant aux sp\u00e9cificit\u00e9s de chaque pays.<\/p>\n<p class=\"has-text-align-left has-black-color has-text-color\">\u00ab\u00a0Cette fois, le partenariat est maroco-br\u00e9silien et concerne le secteur de la mobilit\u00e9 \u00e9lectrique. Le projet pr\u00e9c\u00e9dent \u00e9tait r\u00e9ussi et, par cons\u00e9quent, on nous a demand\u00e9 de coop\u00e9rer sur d\u2019autres projets\u00a0\u00bb, a expliqu\u00e9 M. Miranda, ajoutant que \u00ab\u00a0le d\u00e9fi maintenant est d\u2019accompagner le Maroc dans la fabrication des chargeurs rapides pour les v\u00e9hicules \u00e9lectriques \u00e0 l\u2019\u00e9chelle industrielle\u00a0\u00bb.<\/p>\n<p class=\"has-text-align-left has-black-color has-text-color\">Le Maroc est connu pour ses investissements dans les domaines des \u00e9nergies renouvelables, en l\u2019occurrence dans le domaine des v\u00e9hicules propuls\u00e9s \u00e0 l\u2019\u00e9lectricit\u00e9, a-t-il soulign\u00e9, notant que \u00ab\u00a0Le Maroc est un pays qui a une politique \u00e9nerg\u00e9tique tr\u00e8s avanc\u00e9e, notamment \u00e9olienne et solaire. Le Royaume dispose d\u2019un plan de mobilit\u00e9 \u00e9lectrique et veut s\u2019y conformer afin de contribuer \u00e0 la d\u00e9carbonation\u00a0\u00bb, a not\u00e9 le pr\u00e9sident d\u2019Inesc P&amp;D Br\u00e9sil.<\/p>\n<p class=\"has-text-align-left has-black-color has-text-color\">\u00ab\u00a0Le moyen pour encourager l\u2019utilisation de v\u00e9hicules de ce type est, principalement, de pr\u00e9parer des bornes de recharge. L\u2019id\u00e9e est qu\u2019avec une structure r\u00e9partie dans tout le pays et pr\u00eate \u00e0 charger des voitures, les marques et les consommateurs se sentiront plus en confiance pour investir\u00a0\u00bb dans les v\u00e9hicules \u00e9lectriques, a-t-il d\u00e9taill\u00e9.<\/p>\n<p class=\"has-text-align-left has-black-color has-text-color\">Au Br\u00e9sil, les efforts autour du projet se concentreront sur l\u2019\u00e9quipe de l\u2019Institut d\u2019\u00e9lectronique de puissance (Inep) de l\u2019Universit\u00e9 f\u00e9d\u00e9rale de Santa Catarina (UFSC, sud), l\u2019un des partenaires d\u2019Inesc Brasil. \u00ab\u00a0Avec l\u2019exp\u00e9rience que ce groupe a d\u00e9j\u00e0 accumul\u00e9e, nous pouvons offrir un savoir-faire pour le d\u00e9veloppement industriel\u00a0\u00bb, a expliqu\u00e9 Miranda.<br \/>La coop\u00e9ration devrait durer neuf mois et l\u2019objectif est de d\u00e9velopper des chargeurs pouvant \u00eatre utilis\u00e9s pour diff\u00e9rents v\u00e9hicules.<\/p>\n<p class=\"has-text-align-left has-black-color has-text-color\">Les contacts entre Marocains et Br\u00e9siliens se feront principalement \u00e0 distance, mais on s\u2019attend \u00e0 ce qu\u2019une fois les restrictions li\u00e9es \u00e0 la pand\u00e9mie de covid-19 lev\u00e9es, il sera possible de mener des \u00e9changes en pr\u00e9sentiel.<br \/>Selon la m\u00eame source, le prototype sera d\u00e9velopp\u00e9 au Br\u00e9sil, et un \u00ab\u00a0jumeau\u00a0\u00bb sera cr\u00e9\u00e9 au Maroc, les \u00e9quipements \u00e9tant d\u00e9velopp\u00e9s au Br\u00e9sil.<\/p>\n<p class=\"has-text-align-left has-black-color has-text-color\">En plus de la signature de cet accord, par visioconf\u00e9rence, une autre convention a \u00e9t\u00e9 sign\u00e9e et porte sur un projet conjoint de recherche et d\u00e9veloppement, qui couvrira un plan plus large de coop\u00e9ration entre le Br\u00e9sil et le Maroc.<\/p>\n<p class=\"has-text-align-left has-black-color has-text-color\">INESC P&amp;D Br\u00e9sil est une association priv\u00e9e \u00e0 but non lucratif, visant avec les universit\u00e9s publiques br\u00e9siliennes et l\u2019Institut d\u2019ing\u00e9nierie des syst\u00e8mes et de technologie et science informatique du Portugal (INESC TEC), \u00e0 coordonner un r\u00e9seau de coop\u00e9ration en mati\u00e8re de recherche, de d\u00e9veloppement et de transfert de technologie au Br\u00e9sil.<br \/>INESC P&amp;D Br\u00e9sil a un mod\u00e8le d\u2019innovation similaire \u00e0 celui utilis\u00e9 en Europe, en particulier par INESC TEC, mais conforme \u00e0 la r\u00e9alit\u00e9 br\u00e9silienne.<\/p>\n<p>L\u2019article <a rel=\"nofollow\" href=\"http:\/\/albayane.press.ma\/signature-dun-accord-de-transfert-de-technologie-maroc-bresil.html\">Signature d\u2019un accord de transfert de technologie Maroc-Br\u00e9sil<\/a> est apparu en premier sur <a rel=\"nofollow\" href=\"http:\/\/albayane.press.ma\/\">ALBAYANE<\/a>.<\/p>\n<\/div>\n<p>Auteur: M&rsquo;hammed rahal<br \/>\n<a href=\"http:\/\/albayane.press.ma\/signature-dun-accord-de-transfert-de-technologie-maroc-bresil.html\">Cliquez ici pour lire l&rsquo;article depuis sa source.<\/a><\/p>\n","protected":false},"excerpt":{"rendered":"<p>Mobilit\u00e9 \u00e9lectrique Le Green Energy Park (GEP), une plateforme de recherche et de formation en \u00e9nergie solaire bas\u00e9e dans la ville verte de BenGuerir, a sign\u00e9 un accord de transfert de technologie avec un r\u00e9seau de chercheurs br\u00e9siliens en mati\u00e8re de chargeurs de batteries de voitures, indique la Chambre de commerce arabo-br\u00e9silienne. L\u2019accord a \u00e9t\u00e9 [&hellip;]<\/p>\n","protected":false},"author":1760,"featured_media":0,"comment_status":"closed","ping_status":"closed","sticky":false,"template":"","format":"standard","meta":{"fifu_image_url":"","fifu_image_alt":"","footnotes":""},"categories":[73,54],"tags":[],"class_list":["post-123216","post","type-post","status-publish","format-standard","hentry","category-actualite","category-maroc"],"_links":{"self":[{"href":"https:\/\/linitiative.ca\/International\/wp-json\/wp\/v2\/posts\/123216","targetHints":{"allow":["GET"]}}],"collection":[{"href":"https:\/\/linitiative.ca\/International\/wp-json\/wp\/v2\/posts"}],"about":[{"href":"https:\/\/linitiative.ca\/International\/wp-json\/wp\/v2\/types\/post"}],"author":[{"embeddable":true,"href":"https:\/\/linitiative.ca\/International\/wp-json\/wp\/v2\/users\/1760"}],"replies":[{"embeddable":true,"href":"https:\/\/linitiative.ca\/International\/wp-json\/wp\/v2\/comments?post=123216"}],"version-history":[{"count":0,"href":"https:\/\/linitiative.ca\/International\/wp-json\/wp\/v2\/posts\/123216\/revisions"}],"wp:attachment":[{"href":"https:\/\/linitiative.ca\/International\/wp-json\/wp\/v2\/media?parent=123216"}],"wp:term":[{"taxonomy":"category","embeddable":true,"href":"https:\/\/linitiative.ca\/International\/wp-json\/wp\/v2\/categories?post=123216"},{"taxonomy":"post_tag","embeddable":true,"href":"https:\/\/linitiative.ca\/International\/wp-json\/wp\/v2\/tags?post=123216"}],"curies":[{"name":"wp","href":"https:\/\/api.w.org\/{rel}","templated":true}]}}