{"id":123217,"date":"2021-08-03T14:00:00","date_gmt":"2021-08-03T18:00:00","guid":{"rendered":"https:\/\/linitiative.ca\/International\/lonu-lance-la-course-contre-la-crise-climatique\/"},"modified":"2021-08-03T14:00:00","modified_gmt":"2021-08-03T18:00:00","slug":"lonu-lance-la-course-contre-la-crise-climatique","status":"publish","type":"post","link":"https:\/\/linitiative.ca\/International\/lonu-lance-la-course-contre-la-crise-climatique\/","title":{"rendered":"L\u2019ONU lance la course contre la crise climatique"},"content":{"rendered":"<div>\n<p class=\"has-text-align-center has-vivid-cyan-blue-color has-text-color\"><strong>Fruit d\u2019une collaboration avec la c\u00e9l\u00e8bre application d\u2019exercice physique Strava.<\/strong><\/p>\n<p class=\"has-text-align-left has-black-color has-text-color\"><strong>Les Nations Unies ont incit\u00e9 tout le monde \u00e0 travers la plan\u00e8te \u00e0 participer \u00e0 la course contre l\u2019urgence climatique #TheHumanRace (#LaCoursePourLhumanit\u00e9) en enregistrant 100 minutes d\u2019activit\u00e9 physique, afin de transmettre un message urgent sur le climat aux dirigeants mondiaux.<\/strong><\/p>\n<p class=\"has-text-align-left has-black-color has-text-color\">\u00ab\u00a0L\u2019urgence climatique est une course que nous sommes en train de perdre, mais c\u2019est une course que nous pouvons gagner\u00a0\u00bb, a d\u00e9clar\u00e9 le Secr\u00e9taire g\u00e9n\u00e9ral des Nations Unies, Ant\u00f3nio Guterres, \u00ab\u00a0la\u00e7ons nos chaussures de course et gagnons la course climatique pour nous tous\u00a0\u00bb.<\/p>\n<p class=\"has-text-align-left has-black-color has-text-color\">Le d\u00e9fi lanc\u00e9 lundi par le Bureau des affaires humanitaires de l\u2019ONU (OCHA) invite tout un chacun \u00e0 faire preuve de solidarit\u00e9 avec les habitants des pays les plus expos\u00e9s aux catastrophes et les plus durement touch\u00e9s par le changement climatique.<\/p>\n<p class=\"has-text-align-left has-black-color has-text-color\">Cette campagne de solidarit\u00e9 est le fruit d\u2019une collaboration entre l\u2019ONU et la c\u00e9l\u00e8bre application d\u2019exercice physique Strava.<\/p>\n<p class=\"has-text-align-left has-black-color has-text-color\">L\u2019urgence climatique fait des ravages \u00e0 travers le monde \u00e0 une \u00e9chelle que les populations et les organisations humanitaires en premi\u00e8re ligne ne peuvent g\u00e9rer.<\/p>\n<p class=\"has-text-align-left has-black-color has-text-color\">Les s\u00e9cheresses, les vagues de chaleur, les incendies de for\u00eat et les inondations d\u00e9vastatrices bouleversent la vie de millions de personnes. Les m\u00e9dias sont remplis d\u2019histoires de personnes qui perdent leur maison, leurs moyens de subsistance et leur vie. Et ce n\u2019est qu\u2019un aper\u00e7u de ce qui nous attend si nous n\u2019agissons pas contre le changement climatique.<\/p>\n<p class=\"has-text-align-left has-black-color has-text-color\">#LaCoursePourLhumanit\u00e9 est organis\u00e9e avec le soutien de certains des plus grands noms du monde du sport, ainsi qu\u2019avec d\u2019autres agences des Nations Unies, des organisations non gouvernementales, le Mouvement de la Croix-Rouge et des militants du climat.<\/p>\n<p class=\"has-text-align-left has-black-color has-text-color\">\u00ab\u00a0Je suis ravie de courir pour l\u2019objectif le plus important de notre vie: sauver notre plan\u00e8te et les personnes qui y vivent\u00a0\u00bb, a indiqu\u00e9 l\u2019athl\u00e8te br\u00e9silienne d\u2019ultramarathon et avocate sp\u00e9cialis\u00e9e dans l\u2019environnement, Fernanda Maciel.<br \/>\u00ab\u00a0Nous courons tous les jours, pour nous-m\u00eames. Pourquoi ne pas courir en faveur de quelque chose de plus grand ? Tout le monde devrait rejoindre cette campagne car nous avons besoin de compassion. Il est temps de courir ensemble\u00a0\u00bb, a-t-elle ajout\u00e9.<\/p>\n<p class=\"has-text-align-left has-black-color has-text-color\">Le point culminant de la course pour l\u2019humanit\u00e9 sera la semaine de la Journ\u00e9e mondiale de l\u2019aide humanitaire, le 19 ao\u00fbt.<\/p>\n<p class=\"has-text-align-left has-black-color has-text-color\">Pour participer \u00e0 #LaCoursePourLhumanite, il suffit d\u2019enregistrer vos 100 minutes de course \u00e0 pied, de v\u00e9lo, de natation, de marche ou de toute autre activit\u00e9 sur l\u2019application Strava pendant la semaine du 16 au 31 ao\u00fbt.<br \/>Les personnes qui ne peuvent pas participer physiquement peuvent \u00e9galement s\u2019inscrire et montrer leur soutien sur le microsite de la campagne : https:\/\/www.worldhumanitarianday.org\/fr.<\/p>\n<p class=\"has-text-align-left has-black-color has-text-color\">L\u2019OCHA a d\u00e9clar\u00e9 que les participants enregistrent ou non 100 minutes d\u2019activit\u00e9, chaque inscription contribuera \u00e0 transmettre le message de la campagne aux dirigeants mondiaux.<\/p>\n<p class=\"has-text-align-left has-black-color has-text-color\">La campagne vise \u00e0 faire passer un message urgent aux dirigeants mondiaux qui participeront au sommet des Nations Unies sur le climat COP26, \u00e0 Glasgow en novembre, \u00e0 savoir que la solidarit\u00e9 commence par le respect par les pays d\u00e9velopp\u00e9s de leur engagement d\u00e9cennale \u00e0 consacrer 100 milliards de dollars par an \u00e0 l\u2019att\u00e9nuation des effets du changement climatique et \u00e0 l\u2019adaptation des pays en d\u00e9veloppement.<\/p>\n<p>L\u2019article <a rel=\"nofollow\" href=\"http:\/\/albayane.press.ma\/lonu-lance-la-course-contre-la-crise-climatique.html\">L\u2019ONU lance la course contre la crise climatique<\/a> est apparu en premier sur <a rel=\"nofollow\" href=\"http:\/\/albayane.press.ma\/\">ALBAYANE<\/a>.<\/p>\n<\/div>\n<p>Auteur: M&rsquo;hammed rahal<br \/>\n<a href=\"http:\/\/albayane.press.ma\/lonu-lance-la-course-contre-la-crise-climatique.html\">Cliquez ici pour lire l&rsquo;article depuis sa source.<\/a><\/p>\n","protected":false},"excerpt":{"rendered":"<p>Fruit d\u2019une collaboration avec la c\u00e9l\u00e8bre application d\u2019exercice physique Strava. Les Nations Unies ont incit\u00e9 tout le monde \u00e0 travers la plan\u00e8te \u00e0 participer \u00e0 la course contre l\u2019urgence climatique #TheHumanRace (#LaCoursePourLhumanit\u00e9) en enregistrant 100 minutes d\u2019activit\u00e9 physique, afin de transmettre un message urgent sur le climat aux dirigeants mondiaux. \u00ab\u00a0L\u2019urgence climatique est une course [&hellip;]<\/p>\n","protected":false},"author":1760,"featured_media":0,"comment_status":"closed","ping_status":"closed","sticky":false,"template":"","format":"standard","meta":{"fifu_image_url":"","fifu_image_alt":"","footnotes":""},"categories":[73,54],"tags":[],"class_list":["post-123217","post","type-post","status-publish","format-standard","hentry","category-actualite","category-maroc"],"_links":{"self":[{"href":"https:\/\/linitiative.ca\/International\/wp-json\/wp\/v2\/posts\/123217","targetHints":{"allow":["GET"]}}],"collection":[{"href":"https:\/\/linitiative.ca\/International\/wp-json\/wp\/v2\/posts"}],"about":[{"href":"https:\/\/linitiative.ca\/International\/wp-json\/wp\/v2\/types\/post"}],"author":[{"embeddable":true,"href":"https:\/\/linitiative.ca\/International\/wp-json\/wp\/v2\/users\/1760"}],"replies":[{"embeddable":true,"href":"https:\/\/linitiative.ca\/International\/wp-json\/wp\/v2\/comments?post=123217"}],"version-history":[{"count":0,"href":"https:\/\/linitiative.ca\/International\/wp-json\/wp\/v2\/posts\/123217\/revisions"}],"wp:attachment":[{"href":"https:\/\/linitiative.ca\/International\/wp-json\/wp\/v2\/media?parent=123217"}],"wp:term":[{"taxonomy":"category","embeddable":true,"href":"https:\/\/linitiative.ca\/International\/wp-json\/wp\/v2\/categories?post=123217"},{"taxonomy":"post_tag","embeddable":true,"href":"https:\/\/linitiative.ca\/International\/wp-json\/wp\/v2\/tags?post=123217"}],"curies":[{"name":"wp","href":"https:\/\/api.w.org\/{rel}","templated":true}]}}