{"id":123219,"date":"2021-08-03T14:00:00","date_gmt":"2021-08-03T18:00:00","guid":{"rendered":"https:\/\/linitiative.ca\/International\/le-rapport-annuel-de-bank-al-maghrib-pour-2020-et-les-defis-futurs-du-maroc\/"},"modified":"2021-08-03T14:00:00","modified_gmt":"2021-08-03T18:00:00","slug":"le-rapport-annuel-de-bank-al-maghrib-pour-2020-et-les-defis-futurs-du-maroc","status":"publish","type":"post","link":"https:\/\/linitiative.ca\/International\/le-rapport-annuel-de-bank-al-maghrib-pour-2020-et-les-defis-futurs-du-maroc\/","title":{"rendered":"Le rapport annuel de Bank al Maghrib pour 2020 et  les d\u00e9fis futurs du Maroc."},"content":{"rendered":"<div>\n<p class=\"has-text-align-left has-vivid-cyan-blue-color has-text-color\"><strong>Le rapport annuel\u00a0 de Bank al Maghrib pour 2020 vient d\u2019\u00eatre pr\u00e9sent\u00e9 le samedi 31 juillet devant SM Le Roi. Comme les rapports pr\u00e9c\u00e9dents, il traite de la\u00a0 situation \u00e9conomique, mon\u00e9taire et financi\u00e8re du pays en abordant l\u2019environnement international,\u00a0 et de l\u2019activit\u00e9 annuelle de la Banque. C\u2019est l\u2019un des\u00a0 rapports les plus importants publi\u00e9s annuellement eu \u00e9gard\u00a0 \u00e0 l\u2019autorit\u00e9 morale de l\u2019institution qui le produit,\u00a0 \u00e0 la rigueur\u00a0 scientifique qui le caract\u00e9rise, \u00e0 la r\u00e9gularit\u00e9 de sa publication\u00a0 et aux perspectives qu\u2019il ouvre pour l\u2019avenir.\u00a0 Il constitue, par cons\u00e9quent, une source\u00a0 d\u2019information privil\u00e9gi\u00e9e pour les diff\u00e9rents intervenants et une r\u00e9f\u00e9rence bibliographique incontournable pour les chercheurs et les milieux acad\u00e9miques.<\/strong><\/p>\n<p class=\"has-text-align-left has-black-color has-text-color\">Comme on pouvait s\u2019y attendre, la crise sanitaire oblige, le rapport a consacr\u00e9 de larges d\u00e9veloppements\u00a0 aux cons\u00e9quences de la covid-19 et\u00a0 aux r\u00e9ponses apport\u00e9es par les pouvoirs publics pour en att\u00e9nuer l\u2019ampleur.\u00a0\u00a0 Le rapport a toutefois, \u00e9vit\u00e9 de verser dans le pessimisme ambiant en faisant\u00a0 valoir les atouts dont dispose le pays\u00a0 pour traverser la crise\u00a0 actuelle avec le minimum de d\u00e9g\u00e2ts.\u00a0 Pour ce faire, il faut r\u00e9unir les \u00a0conditions de\u00a0 \u00ab\u00a0transformer la crise en une v\u00e9ritable opportunit\u00e9 en vue de r\u00e9amorcer un d\u00e9part sur des bases plus saines et plus solides qui lui permettront d\u2019enclencher un nouvel \u00e9lan et de placer l\u2019\u00e9conomie nationale sur un sentier de croissance forte, durable et inclusive\u00a0\u00bb.<\/p>\n<p class=\"has-text-align-left has-black-color has-text-color\">Ce qui veut dire que notre pays doit poursuivre et acc\u00e9l\u00e9rer\u00a0 un certain nombre de r\u00e9formes structurelles en cours et enclencher de nouvelles r\u00e9formes.\u00a0 Ainsi, le rapport d\u00e9plore le retard enregistr\u00e9\u00a0 dans\u00a0 la mise en \u0153uvre de la loi-cadre sur l\u2019\u00e9ducation puisque les d\u00e9crets d\u2019application tardent \u00e0 voir le jour. Il en est de m\u00eame du chantier\u00a0 de la r\u00e9gionalisation avanc\u00e9e qui tr\u00e9buche en raison notamment du manque de ressources humaines\u00a0 de qualit\u00e9. La r\u00e9forme globale du secteur public, qui vient d\u2019\u00eatre entam\u00e9e suite \u00e0 l\u2019adoption d\u2019une loi cadre, doit \u00eatre men\u00e9e \u00e0 son terme en am\u00e9liorant notamment \u00a0le mode de gestion et en\u00a0 \u00e9tant plus exigeant\u00a0 en mati\u00e8re de reddition des comptes.\u00a0 La fragilit\u00e9 du tissu productif national a retenu l\u2019attention du rapport\u00a0: \u00ab\u00a0Le renforcement de ce tissu requiert cependant la lutte contre un certain nombre de pratiques entravant le processus sain de destruction cr\u00e9atrice, avec des effets n\u00e9gatifs sur la comp\u00e9titivit\u00e9 de l\u2019\u00e9conomie nationale. Il s\u2019agit principalement de la concurrence d\u00e9loyale, de l\u2019\u00e9vasion fiscale, du manque de transparence et des subventions \u00e9conomiquement et socialement non rentables souvent transform\u00e9es en v\u00e9ritables niches de rente\u00a0\u00bb, en insistant sur la lutte contre la corruption \u00e0 travers\u00a0 la d\u00e9clinaison des objectifs de la Strat\u00e9gie Nationale en la mati\u00e8re. En outre, le rapport insiste sur l\u2019adoption de la nouvelle charte d\u2019investissement, la r\u00e9forme du code du travail et l\u2019adoption de la loi organique sur l\u2019exercice du droit de \u00a0gr\u00e8ve.<\/p>\n<p class=\"has-text-align-left has-black-color has-text-color\">Le dernier chantier sur lequel le rapport s\u2019est longuement appesanti est relatif \u00e0 la g\u00e9n\u00e9ralisation de la protection sociale lanc\u00e9 par le Souverain. \u00ab\u00a0De par sa port\u00e9e et ses\u00a0effets pr\u00e9vus notamment sur les niveaux de vie, la coh\u00e9sion sociale et l\u2019int\u00e9gration des activit\u00e9s\u00a0informelles, il permettra au Maroc de r\u00e9aliser un saut qualitatif en mati\u00e8re de d\u00e9veloppement humain mais \u00e9galement en termes de comp\u00e9titivit\u00e9 et de croissance\u00a0\u00bb.<\/p>\n<p class=\"has-text-align-left has-black-color has-text-color\">Toutefois, son aboutissement reste, pour les autorit\u00e9s publiques et pour toutes les parties prenantes, un grand d\u00e9fi \u00e0 relever, notamment au regard des moyens colossaux que sa mise en \u0153uvre requiert. D\u2019ailleurs, le rapport n\u2019a pas manqu\u00e9 de soulever la probl\u00e9matique de financement\u00a0\u00a0 compte tenu de l\u2019\u00e9tat des finances publiques\u00a0 et du niveau pr\u00e9occupant de \u00a0\u00a0l\u2019endettement public.<\/p>\n<p class=\"has-text-align-left has-black-color has-text-color\">Il s\u2019agit donc de mobiliser des ressources suppl\u00e9mentaires pour financer ces projets\u00a0 sans recourir \u00e0 la solution de facilit\u00e9\u00a0 via l\u2019endettement pour ne pas hypoth\u00e9quer les int\u00e9r\u00eats des g\u00e9n\u00e9rations \u00e0 venir. Ainsi,\u00a0\u00a0 rien que pour l\u2019ann\u00e9e 2022, les besoins additionnels de financement qu\u2019il convient de mobiliser sont estim\u00e9s par le Ministre de l\u2019Economie et des Finances\u00a0 \u00e0 21 MM DH ventil\u00e9s comme suit : 8,4 MM pour la g\u00e9n\u00e9ralisation de l\u2019AMO\u00a0; 6,5 MM d\u00e9penses du personnel\u00a0; 3,5 MM d\u00e9penses de compensation\u00a0; 1,8 MM en faveur de l\u2019\u00e9ducation et de la sant\u00e9 et 800 Millions pour le parach\u00e8vement de\u00a0 certains\u00a0 projets d\u2019infrastructure en cours.\u00a0 Pour mobiliser ces sommes additionnelles, le Ministre\u00a0 propose quatre pistes\u00a0: la rationalisation des d\u00e9penses y compris la r\u00e9duction \u00a0du train de vie de l\u2019administration\u00a0; la mise \u00e0 contribution du Fonds Mohamed VI pour l\u2019Investissement\u00a0; l\u2019instauration de nouvelles mesures\u00a0 fiscales affect\u00e9es au financement de \u00a0la g\u00e9n\u00e9ralisation de la protection sociale (\u00e0 l\u2019instar de ce qui a \u00e9t\u00e9 fait pour l\u2019ann\u00e9e en cours)\u00a0; le recours aux financements\u00a0 innovants.\u00a0 (Cf l\u2019expos\u00e9 du Ministre devant les deux commissions parlementaires le 28 juillet portant sur l\u2019ex\u00e9cution du budget 2021,\u00a0 la pr\u00e9paration du PLF pour 2022 et la pr\u00e9sentation du cadre macro-\u00e9conomique\u00a0 pour la p\u00e9riode 2022-2024). Pour revenir \u00e0 la g\u00e9n\u00e9ralisation de la protection sociale, l\u2019effort financier demand\u00e9\u00a0 pour les trois prochaines ann\u00e9es est \u00e9valu\u00e9 \u00e0 50 MM DH\u00a0!<\/p>\n<p class=\"has-text-align-left has-black-color has-text-color\">Il va sans dire que les r\u00e9formes structurelles sont n\u00e9cessaires pour le pays. Certaines sont pr\u00e9vues depuis longtemps, mais elles n\u2019arrivent pas \u00e0 aboutir en raison des crispations qu\u2019elles suscitent et des craintes qu\u2019elles provoquent.\u00a0 \u00a0Tel est le cas, entre autres, des\u00a0 \u00a0r\u00e9formes portant sur le r\u00e9gime \u00a0des retraites, de la caisse de compensation, du code du travail. Ce sont des probl\u00e9matiques sensibles qui n\u00e9cessitent des approches participatives et des concertations sociales\u00a0 \u00e0 grande \u00e9chelle afin de parvenir, \u00a0pourquoi pas, \u00a0\u00e0 des consensus. C\u2018est dire\u00a0 l\u2019enjeu des prochaines \u00e9lections\u00a0 et l\u2019importance du futur gouvernement qui en sera issu. C\u2019est \u00e0 juste titre que le Gouverneur \u00a0de la Banque Centrale souligne\u00a0 la n\u00e9cessit\u00e9 de \u00ab\u00a0l\u2019\u00e9mergence d\u2019une \u00e9lite capable de mener de fa\u00e7on simultan\u00e9e autant de projets d\u2019envergure et qui doit \u00eatre dot\u00e9e du leadership indispensable pour assurer la coh\u00e9rence et la coordination des chantiers \u00e0 l\u2019\u0153uvre\u00a0\u00bb.\u00a0 Le Maroc a besoin plus que jamais d\u2019un gouvernement homog\u00e8ne, compos\u00e9 de comp\u00e9tences d\u00e9vou\u00e9es aux int\u00e9r\u00eats de la patrie et capable de mettre en \u0153uvre les orientations strat\u00e9giques du Roi en tant que Chef de l\u2019Etat.<\/p>\n<p>L\u2019article <a rel=\"nofollow\" href=\"http:\/\/albayane.press.ma\/le-rapport-annuel-de-bank-al-maghrib-pour-2020-et-les-defis-futurs-du-maroc.html\">Le rapport annuel de Bank al Maghrib pour 2020 et  les d\u00e9fis futurs du Maroc.<\/a> est apparu en premier sur <a rel=\"nofollow\" href=\"http:\/\/albayane.press.ma\/\">ALBAYANE<\/a>.<\/p>\n<\/div>\n<p>Auteur: M&rsquo;hammed rahal<br \/>\n<a href=\"http:\/\/albayane.press.ma\/le-rapport-annuel-de-bank-al-maghrib-pour-2020-et-les-defis-futurs-du-maroc.html\">Cliquez ici pour lire l&rsquo;article depuis sa source.<\/a><\/p>\n","protected":false},"excerpt":{"rendered":"<p>Le rapport annuel\u00a0 de Bank al Maghrib pour 2020 vient d\u2019\u00eatre pr\u00e9sent\u00e9 le samedi 31 juillet devant SM Le Roi. Comme les rapports pr\u00e9c\u00e9dents, il traite de la\u00a0 situation \u00e9conomique, mon\u00e9taire et financi\u00e8re du pays en abordant l\u2019environnement international,\u00a0 et de l\u2019activit\u00e9 annuelle de la Banque. C\u2019est l\u2019un des\u00a0 rapports les plus importants publi\u00e9s annuellement [&hellip;]<\/p>\n","protected":false},"author":1760,"featured_media":0,"comment_status":"closed","ping_status":"closed","sticky":false,"template":"","format":"standard","meta":{"fifu_image_url":"","fifu_image_alt":"","footnotes":""},"categories":[73,54],"tags":[],"class_list":["post-123219","post","type-post","status-publish","format-standard","hentry","category-actualite","category-maroc"],"_links":{"self":[{"href":"https:\/\/linitiative.ca\/International\/wp-json\/wp\/v2\/posts\/123219","targetHints":{"allow":["GET"]}}],"collection":[{"href":"https:\/\/linitiative.ca\/International\/wp-json\/wp\/v2\/posts"}],"about":[{"href":"https:\/\/linitiative.ca\/International\/wp-json\/wp\/v2\/types\/post"}],"author":[{"embeddable":true,"href":"https:\/\/linitiative.ca\/International\/wp-json\/wp\/v2\/users\/1760"}],"replies":[{"embeddable":true,"href":"https:\/\/linitiative.ca\/International\/wp-json\/wp\/v2\/comments?post=123219"}],"version-history":[{"count":0,"href":"https:\/\/linitiative.ca\/International\/wp-json\/wp\/v2\/posts\/123219\/revisions"}],"wp:attachment":[{"href":"https:\/\/linitiative.ca\/International\/wp-json\/wp\/v2\/media?parent=123219"}],"wp:term":[{"taxonomy":"category","embeddable":true,"href":"https:\/\/linitiative.ca\/International\/wp-json\/wp\/v2\/categories?post=123219"},{"taxonomy":"post_tag","embeddable":true,"href":"https:\/\/linitiative.ca\/International\/wp-json\/wp\/v2\/tags?post=123219"}],"curies":[{"name":"wp","href":"https:\/\/api.w.org\/{rel}","templated":true}]}}